{"id":798,"date":"2024-04-01T09:18:39","date_gmt":"2024-04-01T07:18:39","guid":{"rendered":"https:\/\/www.svalbard.fr\/actualites\/ile-de-mageroya-lextreme-nord-de-la-norvege\/"},"modified":"2024-04-01T09:18:42","modified_gmt":"2024-04-01T07:18:42","slug":"ile-de-mageroya-lextreme-nord-de-la-norvege","status":"publish","type":"post","link":"https:\/\/www.svalbard.fr\/actualites\/ile-de-mageroya-lextreme-nord-de-la-norvege\/","title":{"rendered":"\u00cele de Mager\u00f8ya : l&#39;extr\u00eame nord de la Norv\u00e8ge"},"content":{"rendered":"<div itemprop=\"text\">\n<div class=\"dpsp-post-pinterest-image-hidden\" style=\"display: none;\"><img decoding=\"async\" src=\"https:\/\/www.svalbard.fr\/actualites\/wp-content\/uploads\/2024\/04\/Ile-de-Mageroya-l39extreme-nord-de-la-Norvege.jpeg\" data-pin-media=\"https:\/\/www.lifeinnorway.net\/wp-content\/uploads\/2024\/03\/IMG_4137.jpeg\" data-pin-title=\"Mager\u00f8ya in Arctic Norway\" data-pin-description=\"The stark yet beautiful Mageroya island in Arctic Norway.\" alt=\"\u00cele de Mager\u00f8ya dans l&#39;Arctique de la Norv\u00e8ge Badge\" class=\"dpsp-post-pinterest-image-hidden-inner  dpsp-post-pinterest-image-hidden-single\" loading=\"lazy\"><\/div>\n<p><span id=\"dpsp-post-content-markup\" data-image-pin-it=\"false\"><\/span><\/p>\n<p class=\"intro\">Ce paysage arctique \u00e0 la fois aust\u00e8re et \u00e9poustouflant abrite l\u2019embl\u00e9matique Cap Nord et constitue un refuge pour la faune.  Voici une introduction approfondie \u00e0 Mager\u00f8ya, en Norv\u00e8ge, le pays du soleil de minuit.<\/p>\n<p>Lors d&#39;un r\u00e9cent voyage dans le nord de la Norv\u00e8ge, j&#39;ai rendu une autre visite \u00e0 Honningsv\u00e5g et au Cap Nord.  Cela me surprend toujours que tant de gens se pr\u00e9cipitent pour voir le Cap, puis remontent dans le bus ou le bateau, sans vraiment se soucier de l&#39;endroit o\u00f9 ils se trouvent.<\/p>\n<figure class=\"wp-block-image size-large\"><img data-lazyloaded=\"1\" data-placeholder-resp=\"768x478\" fetchpriority=\"high\" decoding=\"async\" width=\"768\" height=\"478\" src=\"https:\/\/www.svalbard.fr\/actualites\/wp-content\/uploads\/2024\/04\/1711955918_141_Ile-de-Mageroya-l39extreme-nord-de-la-Norvege.jpeg\" alt=\"Navigation le long d&#39;une falaise spectaculaire sur l&#39;\u00eele de Mager\u00f8ya.  Photo : David Nikel\" class=\"wp-image-79064\"  data-><img fetchpriority=\"high\" decoding=\"async\" width=\"768\" height=\"478\" src=\"https:\/\/www.svalbard.fr\/actualites\/wp-content\/uploads\/2024\/04\/1711955918_141_Ile-de-Mageroya-l39extreme-nord-de-la-Norvege.jpeg\" alt=\"Navigation le long d&#39;une falaise spectaculaire sur l&#39;\u00eele de Mager\u00f8ya.  Photo : David Nikel\" class=\"wp-image-79064\"  ><\/figure>\n<p>C&#39;est parce que pour moi, mes visites ici m&#39;ont toujours laiss\u00e9 des souvenirs non pas de la petite ville ou du sommet de la falaise, mais de l&#39;\u00eele elle-m\u00eame.  L&#39;\u00eele de Mager\u00f8ya est d\u00e9sol\u00e9e d&#39;un c\u00f4t\u00e9, mais d&#39;une beaut\u00e9 saisissante de l&#39;autre.  C\u2019est en un mot la Norv\u00e8ge arctique.<\/p>\n<h2 class=\"wp-block-heading\">Pr\u00e9sentation de Mager\u00f8ya<\/h2>\n<p>Nich\u00e9e dans les confins arctiques de la Norv\u00e8ge, l&#39;\u00eele de Mager\u00f8ya attire les voyageurs avec ses falaises escarp\u00e9es, ses vues \u00e0 couper le souffle et l&#39;\u00e9clat du soleil de minuit et de ses aurores bor\u00e9ales.<\/p>\n<p>Alors que beaucoup affluent vers Honningsv\u00e5g et vers le Cap Nord, cela vaut la peine de ralentir et d&#39;explorer cette \u00eele du nord plus en d\u00e9tail.  Cela peut vous surprendre \u00e9tant donn\u00e9 le manque d&#39;arbres sur l&#39;\u00eele, mais Mager\u00f8ya ne se r\u00e9sume pas \u00e0 de simples rochers.<\/p>\n<p>Vous trouverez de petites communaut\u00e9s c\u00f4ti\u00e8res, des possibilit\u00e9s de randonn\u00e9e, des vues magnifiques et une faune et une avifaune passionnantes.  Des falaises ornithologiques de Gjesv\u00e6rstappan, qui abrite des milliers d&#39;oiseaux marins, \u00e0 la beaut\u00e9 sereine de Skarsv\u00e5g, le village de p\u00eacheurs le plus septentrional du monde, Mager\u00f8ya est vari\u00e9e et dynamique.<\/p>\n<h2 class=\"wp-block-heading\">Points forts de Mager\u00f8ya<\/h2>\n<p>Au-del\u00e0 de son c\u00e9l\u00e8bre monument, l&#39;\u00eele offre une beaut\u00e9 naturelle aust\u00e8re, des villages pittoresques et une riche avifaune, invitant les voyageurs \u00e0 explorer ses attractions moins connues mais toujours captivantes.  N\u00e9anmoins, nous devons commencer par le sommet de la falaise de renomm\u00e9e mondiale.<\/p>\n<h3 class=\"wp-block-heading\">Cap Nord<\/h3>\n<p>Le Cap Nord, ou Nordkapp, est une falaise monumentale plongeant dans l&#39;oc\u00e9an Arctique, marquant l&#39;un des points les plus septentrionaux de l&#39;Europe continentale.<\/p>\n<figure class=\"wp-block-image size-large\"><img loading=\"lazy\" data-lazyloaded=\"1\" data-placeholder-resp=\"768x416\" decoding=\"async\" width=\"768\" height=\"416\" src=\"https:\/\/www.svalbard.fr\/actualites\/wp-content\/uploads\/2024\/04\/Ile-de-Mageroya-l39extreme-nord-de-la-Norvege.jpg\" alt=\"Le Cap Nord en Norv\u00e8ge sera moins cher \u00e0 visiter\" class=\"wp-image-64659\"  data-><img loading=\"lazy\" decoding=\"async\" width=\"768\" height=\"416\" src=\"https:\/\/www.svalbard.fr\/actualites\/wp-content\/uploads\/2024\/04\/Ile-de-Mageroya-l39extreme-nord-de-la-Norvege.jpg\" alt=\"Le Cap Nord en Norv\u00e8ge sera moins cher \u00e0 visiter\" class=\"wp-image-64659\"  ><\/figure>\n<p>Ce monument naturel attire des visiteurs du monde entier, qui viennent admirer le soleil de minuit qui baigne le paysage d&#39;une lumi\u00e8re surr\u00e9aliste et continue tout au long de l&#39;\u00e9t\u00e9, ou les spectaculaires paysages enneig\u00e9s en hiver.<\/p>\n<p>Par temps clair, se trouver au Cap Nord donne l\u2019impression de se trouver au bout du monde, offrant un profond sentiment d\u2019admiration et de connexion avec la nature.  Le North Cape Hall, perch\u00e9 au bord de la falaise, propose des expositions, un cin\u00e9ma, un caf\u00e9 et une grande boutique de cadeaux.<\/p>\n<h3 class=\"wp-block-heading\">Honningsv\u00e5g<\/h3>\n<p>Point d&#39;arriv\u00e9e de presque tous ceux qui se rendent \u00e0 Mager\u00f8ya, Honningsv\u00e5g a bien plus \u00e0 offrir qu&#39;une simple \u00e9tape.  Le village de p\u00eacheurs, en r\u00e9alit\u00e9 une ville, est \u00e9tonnamment anim\u00e9.  Les bateaux de p\u00eache traditionnels partagent le port anim\u00e9 avec les bateaux de croisi\u00e8re, tandis que l&#39;ambiance internationale se m\u00eale au charme local.<\/p>\n<p>La sc\u00e8ne culturelle de Honningsv\u00e5g est \u00e9tonnamment riche, avec le mus\u00e9e Nordkapp, qui plonge dans le patrimoine de p\u00eache et l&#39;histoire de la guerre de la r\u00e9gion, et un centre culturel local abritant une pi\u00e8ce de th\u00e9\u00e2tre amateur locale sur les touristes visitant le Cap Nord.<\/p>\n<p>Malgr\u00e9 son emplacement isol\u00e9, Honningsv\u00e5g offre un accueil chaleureux avec des restaurants, des boutiques, des galeries et des h\u00e9bergements confortables, ce qui en fait une partie int\u00e9grante de l&#39;exp\u00e9rience Mager\u00f8ya.<\/p>\n<figure class=\"wp-block-image size-large\"><img loading=\"lazy\" data-lazyloaded=\"1\" data-placeholder-resp=\"768x478\" decoding=\"async\" width=\"768\" height=\"478\" src=\"https:\/\/www.svalbard.fr\/actualites\/wp-content\/uploads\/2024\/04\/1711955918_603_Ile-de-Mageroya-l39extreme-nord-de-la-Norvege.jpeg\" alt=\"Honningsv\u00e5g dans la lumi\u00e8re bleue de l\u2019hiver.  Photo : David Nikel.\" class=\"wp-image-79066\"  data-><img loading=\"lazy\" decoding=\"async\" width=\"768\" height=\"478\" src=\"https:\/\/www.svalbard.fr\/actualites\/wp-content\/uploads\/2024\/04\/1711955918_603_Ile-de-Mageroya-l39extreme-nord-de-la-Norvege.jpeg\" alt=\"Honningsv\u00e5g dans la lumi\u00e8re bleue de l\u2019hiver.  Photo : David Nikel.\" class=\"wp-image-79066\"  ><\/figure>\n<p>D\u00eener sur l&#39;\u00eele est une aventure culinaire, avec des sp\u00e9cialit\u00e9s locales telles que le renne, le crabe royal et le poisson fra\u00eechement p\u00each\u00e9, toutes disponibles \u00e0 Honningsv\u00e5g.  Ne manquez pas l&#39;occasion de d\u00e9guster des plats traditionnels et des sp\u00e9cialit\u00e9s arctiques.<\/p>\n<h3 class=\"wp-block-heading\">Falaises aux oiseaux de Gjesv\u00e6rstappan<\/h3>\n<p>Au large de la c\u00f4te nord de Mager\u00f8ya, Gjesv\u00e6rstappan constitue une merveille naturelle impressionnante.  Abritant l&#39;une des colonies d&#39;oiseaux marins les plus accessibles d&#39;Europe, ces falaises sont une m\u00e9tropole anim\u00e9e de la vie aviaire.<\/p>\n<p>Les visiteurs peuvent admirer des milliers de macareux, de mouettes tridactyles et de majestueux aigles de mer.  Accessible via des excursions en bateau depuis le village de p\u00eacheurs voisin de Gjesv\u00e6r, cette excursion offre une exp\u00e9rience inoubliable de la nature arctique.<\/p>\n<h3 class=\"wp-block-heading\">Gjesv\u00e6r<\/h3>\n<p>Gjesv\u00e6r lui-m\u00eame, un paisible village de p\u00eacheurs, incarne le c\u0153ur et l&#39;\u00e2me de la culture c\u00f4ti\u00e8re de Mager\u00f8ya.  Ce charmant village, avec ses quelques h\u00e9bergements et sa petite \u00e9picerie, offre un avant-go\u00fbt de la vie locale.<\/p>\n<p>C&#39;est un endroit parfait pour ceux qui recherchent le calme et l&#39;authenticit\u00e9, loin de la foule.  Le village constitue \u00e9galement un point de d\u00e9part fantastique pour explorer la nature environnante, en bateau ou en parcourant les sentiers de randonn\u00e9e.<\/p>\n<h3 class=\"wp-block-heading\">Skarsv\u00e5g<\/h3>\n<p>Revendiquant le titre de village de p\u00eacheurs le plus septentrional de Norv\u00e8ge, Skarsv\u00e5g est un paradis pour ceux qui cherchent \u00e0 \u00e9chapper \u00e0 l&#39;agitation.<\/p>\n<p>Il abrite des attractions uniques comme la Maison de No\u00ebl et la formation rocheuse de Kirkeporten, qui offre des vues spectaculaires et des opportunit\u00e9s de photos, surtout au coucher du soleil.<\/p>\n<figure class=\"wp-block-image size-large\"><img loading=\"lazy\" data-lazyloaded=\"1\" data-placeholder-resp=\"768x576\" decoding=\"async\" width=\"768\" height=\"576\" src=\"https:\/\/www.svalbard.fr\/actualites\/wp-content\/uploads\/2024\/04\/1711955919_406_Ile-de-Mageroya-l39extreme-nord-de-la-Norvege.jpeg\" alt=\"Skarsv\u00e5g sur l&#39;\u00eele de Mager\u00f8ya en Norv\u00e8ge.  Photo : David Nikel.\" class=\"wp-image-79067\"  data-><img loading=\"lazy\" decoding=\"async\" width=\"768\" height=\"576\" src=\"https:\/\/www.svalbard.fr\/actualites\/wp-content\/uploads\/2024\/04\/1711955919_406_Ile-de-Mageroya-l39extreme-nord-de-la-Norvege.jpeg\" alt=\"Skarsv\u00e5g sur l&#39;\u00eele de Mager\u00f8ya en Norv\u00e8ge.  Photo : David Nikel.\" class=\"wp-image-79067\"  ><\/figure>\n<p>Avec des possibilit\u00e9s de p\u00eache, de randonn\u00e9e et d&#39;immersion dans l&#39;hospitalit\u00e9 locale, Skarsv\u00e5g se pr\u00e9sente comme une \u00e9tape par excellence pour les aventuriers de Meger\u00f8ya et les chercheurs de paix.<\/p>\n<h3 class=\"wp-block-heading\">Kam\u00f8yv\u00e6r<\/h3>\n<p>Ce petit village de p\u00eacheurs est un joyau cach\u00e9 sur la c\u00f4te accident\u00e9e de Mager\u00f8ya.  Connue pour sa sc\u00e8ne artistique, mise en valeur par la galerie East of the Sun, elle offre aux visiteurs un aper\u00e7u culturel de l&#39;\u00eele \u00e0 travers le regard d&#39;artistes locaux.<\/p>\n<h2 class=\"wp-block-heading\">Se rendre \u00e0 Mager\u00f8ya<\/h2>\n<p>Voyager sur l&#39;\u00eele est une aventure en soi, quel que soit votre mode de transport pr\u00e9f\u00e9r\u00e9.<\/p>\n<p>Que vous traversiez les paysages fascinants du nord de la Norv\u00e8ge ou que vous preniez un ferry pour traverser les eaux arctiques, chaque itin\u00e9raire offre ses propres vues et exp\u00e9riences uniques.<\/p>\n<p>Pour les conducteurs, le tunnel sous-marin reliant le continent \u00e0 l&#39;\u00eele rend le voyage fluide et vous am\u00e8ne directement au c\u0153ur de Mager\u00f8ya.  Si vous pr\u00e9f\u00e9rez voler, le petit a\u00e9roport de Honningsv\u00e5g vous relie \u00e0 Troms\u00f8.<\/p>\n<p><strong>Avez-vous s\u00e9journ\u00e9 dans Mager\u00f8ya ?<\/strong> Faites-nous part de vos exp\u00e9riences dans les commentaires.<\/p>\n<\/div>\n","protected":false},"excerpt":{"rendered":"<p>Ce paysage arctique \u00e0 la fois aust\u00e8re et \u00e9poustouflant abrite l\u2019embl\u00e9matique Cap Nord et constitue un refuge pour la faune. Voici une introduction approfondie \u00e0<\/p>\n","protected":false},"author":1,"featured_media":799,"comment_status":"closed","ping_status":"","sticky":false,"template":"","format":"standard","meta":{"footnotes":""},"categories":[1],"tags":[68,1046,1045,321,6],"yoast_head":"<!-- This site is optimized with the Yoast SEO plugin v21.0 - https:\/\/yoast.com\/wordpress\/plugins\/seo\/ -->\n<title>\u00cele de Mager\u00f8ya : l&#039;extr\u00eame nord de la Norv\u00e8ge<\/title>\n<meta name=\"robots\" content=\"index, follow, max-snippet:-1, max-image-preview:large, max-video-preview:-1\" \/>\n<link rel=\"canonical\" href=\"https:\/\/www.svalbard.fr\/actualites\/ile-de-mageroya-lextreme-nord-de-la-norvege\/\" \/>\n<meta property=\"og:locale\" content=\"fr_FR\" \/>\n<meta property=\"og:type\" content=\"article\" \/>\n<meta property=\"og:title\" content=\"\u00cele de Mager\u00f8ya : l&#039;extr\u00eame nord de la Norv\u00e8ge\" \/>\n<meta property=\"og:description\" content=\"Ce paysage arctique \u00e0 la fois aust\u00e8re et \u00e9poustouflant abrite l\u2019embl\u00e9matique Cap Nord et constitue un refuge pour la faune. Voici une introduction approfondie \u00e0\" \/>\n<meta property=\"og:url\" content=\"https:\/\/www.svalbard.fr\/actualites\/ile-de-mageroya-lextreme-nord-de-la-norvege\/\" \/>\n<meta property=\"og:site_name\" content=\"www.Svalbard.fr\" \/>\n<meta property=\"article:published_time\" content=\"2024-04-01T07:18:39+00:00\" \/>\n<meta property=\"article:modified_time\" content=\"2024-04-01T07:18:42+00:00\" \/>\n<meta property=\"og:image\" content=\"https:\/\/www.svalbard.fr\/actualites\/wp-content\/uploads\/2024\/04\/1711955919_Ile-de-Mageroya-l39extreme-nord-de-la-Norvege.jpeg\" \/>\n\t<meta property=\"og:image:width\" content=\"1800\" \/>\n\t<meta property=\"og:image:height\" content=\"1120\" \/>\n\t<meta property=\"og:image:type\" content=\"image\/jpeg\" \/>\n<meta name=\"author\" content=\"Hilmar\" \/>\n<meta name=\"twitter:card\" content=\"summary_large_image\" \/>\n<meta name=\"twitter:label1\" content=\"\u00c9crit par\" \/>\n\t<meta name=\"twitter:data1\" content=\"Hilmar\" \/>\n\t<meta name=\"twitter:label2\" content=\"Dur\u00e9e de lecture estim\u00e9e\" \/>\n\t<meta name=\"twitter:data2\" content=\"6 minutes\" \/>\n<script type=\"application\/ld+json\" class=\"yoast-schema-graph\">{\"@context\":\"https:\/\/schema.org\",\"@graph\":[{\"@type\":\"Article\",\"@id\":\"https:\/\/www.svalbard.fr\/actualites\/ile-de-mageroya-lextreme-nord-de-la-norvege\/#article\",\"isPartOf\":{\"@id\":\"https:\/\/www.svalbard.fr\/actualites\/ile-de-mageroya-lextreme-nord-de-la-norvege\/\"},\"author\":{\"name\":\"Hilmar\",\"@id\":\"https:\/\/www.svalbard.fr\/actualites\/#\/schema\/person\/a2f937d5712222366738fae98755c600\"},\"headline\":\"\u00cele de Mager\u00f8ya : l&#39;extr\u00eame nord de la Norv\u00e8ge\",\"datePublished\":\"2024-04-01T07:18:39+00:00\",\"dateModified\":\"2024-04-01T07:18:42+00:00\",\"mainEntityOfPage\":{\"@id\":\"https:\/\/www.svalbard.fr\/actualites\/ile-de-mageroya-lextreme-nord-de-la-norvege\/\"},\"wordCount\":1165,\"publisher\":{\"@id\":\"https:\/\/www.svalbard.fr\/actualites\/#organization\"},\"keywords\":[\"\u00eele\",\"l39extr\u00eame\",\"Mager\u00f8ya\",\"Nord\",\"Norv\u00e8ge\"],\"articleSection\":[\"Svalbard\"],\"inLanguage\":\"fr-FR\"},{\"@type\":\"WebPage\",\"@id\":\"https:\/\/www.svalbard.fr\/actualites\/ile-de-mageroya-lextreme-nord-de-la-norvege\/\",\"url\":\"https:\/\/www.svalbard.fr\/actualites\/ile-de-mageroya-lextreme-nord-de-la-norvege\/\",\"name\":\"\u00cele de Mager\u00f8ya : l&#39;extr\u00eame nord de la Norv\u00e8ge\",\"isPartOf\":{\"@id\":\"https:\/\/www.svalbard.fr\/actualites\/#website\"},\"datePublished\":\"2024-04-01T07:18:39+00:00\",\"dateModified\":\"2024-04-01T07:18:42+00:00\",\"breadcrumb\":{\"@id\":\"https:\/\/www.svalbard.fr\/actualites\/ile-de-mageroya-lextreme-nord-de-la-norvege\/#breadcrumb\"},\"inLanguage\":\"fr-FR\",\"potentialAction\":[{\"@type\":\"ReadAction\",\"target\":[\"https:\/\/www.svalbard.fr\/actualites\/ile-de-mageroya-lextreme-nord-de-la-norvege\/\"]}]},{\"@type\":\"BreadcrumbList\",\"@id\":\"https:\/\/www.svalbard.fr\/actualites\/ile-de-mageroya-lextreme-nord-de-la-norvege\/#breadcrumb\",\"itemListElement\":[{\"@type\":\"ListItem\",\"position\":1,\"name\":\"Accueil\",\"item\":\"https:\/\/www.svalbard.fr\/actualites\/\"},{\"@type\":\"ListItem\",\"position\":2,\"name\":\"\u00cele de Mager\u00f8ya : l&#39;extr\u00eame nord de la Norv\u00e8ge\"}]},{\"@type\":\"WebSite\",\"@id\":\"https:\/\/www.svalbard.fr\/actualites\/#website\",\"url\":\"https:\/\/www.svalbard.fr\/actualites\/\",\"name\":\"www.Svalbard.fr\",\"description\":\"\",\"publisher\":{\"@id\":\"https:\/\/www.svalbard.fr\/actualites\/#organization\"},\"potentialAction\":[{\"@type\":\"SearchAction\",\"target\":{\"@type\":\"EntryPoint\",\"urlTemplate\":\"https:\/\/www.svalbard.fr\/actualites\/?s={search_term_string}\"},\"query-input\":\"required name=search_term_string\"}],\"inLanguage\":\"fr-FR\"},{\"@type\":\"Organization\",\"@id\":\"https:\/\/www.svalbard.fr\/actualites\/#organization\",\"name\":\"www.Svalbard.fr\",\"url\":\"https:\/\/www.svalbard.fr\/actualites\/\",\"logo\":{\"@type\":\"ImageObject\",\"inLanguage\":\"fr-FR\",\"@id\":\"https:\/\/www.svalbard.fr\/actualites\/#\/schema\/logo\/image\/\",\"url\":\"https:\/\/www.svalbard.fr\/actualites\/wp-content\/uploads\/2023\/09\/head-nom.jpg\",\"contentUrl\":\"https:\/\/www.svalbard.fr\/actualites\/wp-content\/uploads\/2023\/09\/head-nom.jpg\",\"width\":264,\"height\":35,\"caption\":\"www.Svalbard.fr\"},\"image\":{\"@id\":\"https:\/\/www.svalbard.fr\/actualites\/#\/schema\/logo\/image\/\"}},{\"@type\":\"Person\",\"@id\":\"https:\/\/www.svalbard.fr\/actualites\/#\/schema\/person\/a2f937d5712222366738fae98755c600\",\"name\":\"Hilmar\",\"image\":{\"@type\":\"ImageObject\",\"inLanguage\":\"fr-FR\",\"@id\":\"https:\/\/www.svalbard.fr\/actualites\/#\/schema\/person\/image\/\",\"url\":\"https:\/\/secure.gravatar.com\/avatar\/4daa437093476dbc32da415c112b6512?s=96&d=mm&r=g\",\"contentUrl\":\"https:\/\/secure.gravatar.com\/avatar\/4daa437093476dbc32da415c112b6512?s=96&d=mm&r=g\",\"caption\":\"Hilmar\"},\"description\":\"Hilmar est un passionn\u00e9 des r\u00e9gions polaires, sp\u00e9cialis\u00e9 dans la r\u00e9daction d'articles sur le Spitzberg et autres destinations arctiques. Il apporte son expertise et sa passion pour l'Arctique au sein de l'\u00e9quipe de r\u00e9daction de Svalbard depuis de nombreuses ann\u00e9es.\",\"sameAs\":[\"https:\/\/www.svalbard.fr\/\"]}]}<\/script>\n<!-- \/ Yoast SEO plugin. -->","yoast_head_json":{"title":"\u00cele de Mager\u00f8ya : l&#39;extr\u00eame nord de la Norv\u00e8ge","robots":{"index":"index","follow":"follow","max-snippet":"max-snippet:-1","max-image-preview":"max-image-preview:large","max-video-preview":"max-video-preview:-1"},"canonical":"https:\/\/www.svalbard.fr\/actualites\/ile-de-mageroya-lextreme-nord-de-la-norvege\/","og_locale":"fr_FR","og_type":"article","og_title":"\u00cele de Mager\u00f8ya : l&#39;extr\u00eame nord de la Norv\u00e8ge","og_description":"Ce paysage arctique \u00e0 la fois aust\u00e8re et \u00e9poustouflant abrite l\u2019embl\u00e9matique Cap Nord et constitue un refuge pour la faune. Voici une introduction approfondie \u00e0","og_url":"https:\/\/www.svalbard.fr\/actualites\/ile-de-mageroya-lextreme-nord-de-la-norvege\/","og_site_name":"www.Svalbard.fr","article_published_time":"2024-04-01T07:18:39+00:00","article_modified_time":"2024-04-01T07:18:42+00:00","og_image":[{"width":1800,"height":1120,"url":"https:\/\/www.svalbard.fr\/actualites\/wp-content\/uploads\/2024\/04\/1711955919_Ile-de-Mageroya-l39extreme-nord-de-la-Norvege.jpeg","type":"image\/jpeg"}],"author":"Hilmar","twitter_card":"summary_large_image","twitter_misc":{"\u00c9crit par":"Hilmar","Dur\u00e9e de lecture estim\u00e9e":"6 minutes"},"schema":{"@context":"https:\/\/schema.org","@graph":[{"@type":"Article","@id":"https:\/\/www.svalbard.fr\/actualites\/ile-de-mageroya-lextreme-nord-de-la-norvege\/#article","isPartOf":{"@id":"https:\/\/www.svalbard.fr\/actualites\/ile-de-mageroya-lextreme-nord-de-la-norvege\/"},"author":{"name":"Hilmar","@id":"https:\/\/www.svalbard.fr\/actualites\/#\/schema\/person\/a2f937d5712222366738fae98755c600"},"headline":"\u00cele de Mager\u00f8ya : l&#39;extr\u00eame nord de la Norv\u00e8ge","datePublished":"2024-04-01T07:18:39+00:00","dateModified":"2024-04-01T07:18:42+00:00","mainEntityOfPage":{"@id":"https:\/\/www.svalbard.fr\/actualites\/ile-de-mageroya-lextreme-nord-de-la-norvege\/"},"wordCount":1165,"publisher":{"@id":"https:\/\/www.svalbard.fr\/actualites\/#organization"},"keywords":["\u00eele","l39extr\u00eame","Mager\u00f8ya","Nord","Norv\u00e8ge"],"articleSection":["Svalbard"],"inLanguage":"fr-FR"},{"@type":"WebPage","@id":"https:\/\/www.svalbard.fr\/actualites\/ile-de-mageroya-lextreme-nord-de-la-norvege\/","url":"https:\/\/www.svalbard.fr\/actualites\/ile-de-mageroya-lextreme-nord-de-la-norvege\/","name":"\u00cele de Mager\u00f8ya : l&#39;extr\u00eame nord de la Norv\u00e8ge","isPartOf":{"@id":"https:\/\/www.svalbard.fr\/actualites\/#website"},"datePublished":"2024-04-01T07:18:39+00:00","dateModified":"2024-04-01T07:18:42+00:00","breadcrumb":{"@id":"https:\/\/www.svalbard.fr\/actualites\/ile-de-mageroya-lextreme-nord-de-la-norvege\/#breadcrumb"},"inLanguage":"fr-FR","potentialAction":[{"@type":"ReadAction","target":["https:\/\/www.svalbard.fr\/actualites\/ile-de-mageroya-lextreme-nord-de-la-norvege\/"]}]},{"@type":"BreadcrumbList","@id":"https:\/\/www.svalbard.fr\/actualites\/ile-de-mageroya-lextreme-nord-de-la-norvege\/#breadcrumb","itemListElement":[{"@type":"ListItem","position":1,"name":"Accueil","item":"https:\/\/www.svalbard.fr\/actualites\/"},{"@type":"ListItem","position":2,"name":"\u00cele de Mager\u00f8ya : l&#39;extr\u00eame nord de la Norv\u00e8ge"}]},{"@type":"WebSite","@id":"https:\/\/www.svalbard.fr\/actualites\/#website","url":"https:\/\/www.svalbard.fr\/actualites\/","name":"www.Svalbard.fr","description":"","publisher":{"@id":"https:\/\/www.svalbard.fr\/actualites\/#organization"},"potentialAction":[{"@type":"SearchAction","target":{"@type":"EntryPoint","urlTemplate":"https:\/\/www.svalbard.fr\/actualites\/?s={search_term_string}"},"query-input":"required name=search_term_string"}],"inLanguage":"fr-FR"},{"@type":"Organization","@id":"https:\/\/www.svalbard.fr\/actualites\/#organization","name":"www.Svalbard.fr","url":"https:\/\/www.svalbard.fr\/actualites\/","logo":{"@type":"ImageObject","inLanguage":"fr-FR","@id":"https:\/\/www.svalbard.fr\/actualites\/#\/schema\/logo\/image\/","url":"https:\/\/www.svalbard.fr\/actualites\/wp-content\/uploads\/2023\/09\/head-nom.jpg","contentUrl":"https:\/\/www.svalbard.fr\/actualites\/wp-content\/uploads\/2023\/09\/head-nom.jpg","width":264,"height":35,"caption":"www.Svalbard.fr"},"image":{"@id":"https:\/\/www.svalbard.fr\/actualites\/#\/schema\/logo\/image\/"}},{"@type":"Person","@id":"https:\/\/www.svalbard.fr\/actualites\/#\/schema\/person\/a2f937d5712222366738fae98755c600","name":"Hilmar","image":{"@type":"ImageObject","inLanguage":"fr-FR","@id":"https:\/\/www.svalbard.fr\/actualites\/#\/schema\/person\/image\/","url":"https:\/\/secure.gravatar.com\/avatar\/4daa437093476dbc32da415c112b6512?s=96&d=mm&r=g","contentUrl":"https:\/\/secure.gravatar.com\/avatar\/4daa437093476dbc32da415c112b6512?s=96&d=mm&r=g","caption":"Hilmar"},"description":"Hilmar est un passionn\u00e9 des r\u00e9gions polaires, sp\u00e9cialis\u00e9 dans la r\u00e9daction d'articles sur le Spitzberg et autres destinations arctiques. Il apporte son expertise et sa passion pour l'Arctique au sein de l'\u00e9quipe de r\u00e9daction de Svalbard depuis de nombreuses ann\u00e9es.","sameAs":["https:\/\/www.svalbard.fr\/"]}]}},"_links":{"self":[{"href":"https:\/\/www.svalbard.fr\/actualites\/wp-json\/wp\/v2\/posts\/798"}],"collection":[{"href":"https:\/\/www.svalbard.fr\/actualites\/wp-json\/wp\/v2\/posts"}],"about":[{"href":"https:\/\/www.svalbard.fr\/actualites\/wp-json\/wp\/v2\/types\/post"}],"author":[{"embeddable":true,"href":"https:\/\/www.svalbard.fr\/actualites\/wp-json\/wp\/v2\/users\/1"}],"replies":[{"embeddable":true,"href":"https:\/\/www.svalbard.fr\/actualites\/wp-json\/wp\/v2\/comments?post=798"}],"version-history":[{"count":1,"href":"https:\/\/www.svalbard.fr\/actualites\/wp-json\/wp\/v2\/posts\/798\/revisions"}],"predecessor-version":[{"id":800,"href":"https:\/\/www.svalbard.fr\/actualites\/wp-json\/wp\/v2\/posts\/798\/revisions\/800"}],"wp:featuredmedia":[{"embeddable":true,"href":"https:\/\/www.svalbard.fr\/actualites\/wp-json\/wp\/v2\/media\/799"}],"wp:attachment":[{"href":"https:\/\/www.svalbard.fr\/actualites\/wp-json\/wp\/v2\/media?parent=798"}],"wp:term":[{"taxonomy":"category","embeddable":true,"href":"https:\/\/www.svalbard.fr\/actualites\/wp-json\/wp\/v2\/categories?post=798"},{"taxonomy":"post_tag","embeddable":true,"href":"https:\/\/www.svalbard.fr\/actualites\/wp-json\/wp\/v2\/tags?post=798"}],"curies":[{"name":"wp","href":"https:\/\/api.w.org\/{rel}","templated":true}]}}