{"id":827,"date":"2024-04-06T14:11:12","date_gmt":"2024-04-06T12:11:12","guid":{"rendered":"https:\/\/www.svalbard.fr\/actualites\/la-norvege-va-reformer-la-loi-sur-le-commerce-doccasion-2\/"},"modified":"2024-04-06T14:11:14","modified_gmt":"2024-04-06T12:11:14","slug":"la-norvege-va-reformer-la-loi-sur-le-commerce-doccasion-2","status":"publish","type":"post","link":"https:\/\/www.svalbard.fr\/actualites\/la-norvege-va-reformer-la-loi-sur-le-commerce-doccasion-2\/","title":{"rendered":"La Norv\u00e8ge va r\u00e9former la loi sur le commerce d&#39;occasion"},"content":{"rendered":"<div itemprop=\"text\">\n<span id=\"dpsp-post-content-markup\" data-image-pin-it=\"false\"><\/span><\/p>\n<p class=\"intro\">Dans une d\u00e9cision qui devrait \u00eatre approuv\u00e9e par le Parlement, la Norv\u00e8ge a annonc\u00e9 son intention de r\u00e9former la loi sur le commerce de seconde main afin de renforcer la durabilit\u00e9 et d&#39;aider les gens \u00e0 cr\u00e9er des entreprises dans l&#39;\u00e9conomie circulaire.<\/p>\n<p>Cet all\u00e8gement r\u00e9glementaire intervient dans un contexte d&#39;inqui\u00e9tudes croissantes concernant l&#39;impact environnemental de la consommation de textiles, les Norv\u00e9giens ayant import\u00e9 88\u00a0233 tonnes de v\u00eatements et de chaussures rien qu&#39;en 2022.<\/p>\n<figure class=\"wp-block-image size-large\"><img fetchpriority=\"high\" decoding=\"async\" width=\"768\" height=\"432\" src=\"https:\/\/www.svalbard.fr\/actualites\/wp-content\/uploads\/2024\/04\/La-Norvege-va-reformer-la-loi-sur-le-commerce-d39occasion.jpg\" alt=\"March\u00e9 d&#39;occasion \u00e0 l&#39;ext\u00e9rieur de Bl\u00e5 \u00e0 Oslo.  Photo : David Nikel.\" class=\"wp-image-79370\"  ><\/figure>\n<p>La loi actuelle, jug\u00e9e obsol\u00e8te par beaucoup, constitue un obstacle majeur pour les entreprises qui vendent des articles d&#39;occasion, notamment des v\u00eatements, des meubles, des appareils \u00e9lectroniques grand public et des \u00e9quipements sportifs.<\/p>\n<p>La loi sur les activit\u00e9s commerciales avec des objets usag\u00e9s et mis au rebut, plus commun\u00e9ment connue sous le nom de \u00ab loi sur le commerce d&#39;occasion \u00bb, a \u00e9t\u00e9 initialement adopt\u00e9e en 1999 et modifi\u00e9e pour la derni\u00e8re fois en 2015.<\/p>\n<p>Cela exigeait des processus rigoureux pour les magasins d&#39;occasion, y compris l&#39;approbation obligatoire de la police, un enregistrement d\u00e9taill\u00e9 de tous les articles et une p\u00e9riode de d\u00e9tention de deux semaines avant que les articles puissent \u00eatre vendus ou r\u00e9utilis\u00e9s.<\/p>\n<h2 class=\"wp-block-heading\">Lever les restrictions sur les biens d&#39;occasion<\/h2>\n<p>Avec la nouvelle proposition du gouvernement, ces restrictions seront lev\u00e9es pour la plupart des biens d&#39;occasion, \u00e0 l&#39;exclusion des voitures d&#39;occasion, des objets culturels, des pierres pr\u00e9cieuses et des m\u00e9taux.<\/p>\n<p>La proposition a re\u00e7u un large soutien et devrait \u00eatre adopt\u00e9e \u00e0 la majorit\u00e9.  Sous r\u00e9serve de l&#39;approbation du Parlement, le changement devrait entrer en vigueur le 1er juillet.<\/p>\n<p>Le ministre du Commerce et de l&#39;Industrie, Jan Christian Vestre, a exprim\u00e9 sa frustration face \u00e0 la loi actuelle, soulignant les complications inutiles qu&#39;elle impose aux entreprises de seconde main.  Il l\u2019a d\u00e9crit comme \u00ab assez d\u00e9sesp\u00e9r\u00e9 \u00bb.<\/p>\n<h2 class=\"wp-block-heading\">La r\u00e9forme est accueillie favorablement<\/h2>\n<p>La r\u00e9forme est salu\u00e9e par les d\u00e9fenseurs des mod\u00e8les de vie durable et d\u2019\u00e9conomie circulaire, notamment la personnalit\u00e9 norv\u00e9gienne populaire Jenny Skavlan, qui a exprim\u00e9 clairement les d\u00e9fis pos\u00e9s par la loi existante.<\/p>\n<figure class=\"wp-block-image size-large\"><img loading=\"lazy\" data-lazyloaded=\"1\" data-placeholder-resp=\"768x644\" decoding=\"async\" width=\"768\" height=\"644\" src=\"https:\/\/www.svalbard.fr\/actualites\/wp-content\/uploads\/2024\/04\/1712405472_353_La-Norvege-va-reformer-la-loi-sur-le-commerce-d39occasion.jpg\" alt=\"Vestes d&#39;occasion.\" class=\"wp-image-79371\"  data-><img loading=\"lazy\" decoding=\"async\" width=\"768\" height=\"644\" src=\"https:\/\/www.svalbard.fr\/actualites\/wp-content\/uploads\/2024\/04\/1712405472_353_La-Norvege-va-reformer-la-loi-sur-le-commerce-d39occasion.jpg\" alt=\"Vestes d&#39;occasion.\" class=\"wp-image-79371\"  ><\/figure>\n<p>Skavlan et son \u00e9quipe envisagent d&#39;ouvrir leur premi\u00e8re boutique de v\u00eatements d&#39;occasion \u00e0 Oslo et consid\u00e8rent les changements \u00e0 venir comme un soulagement consid\u00e9rable.<\/p>\n<p>\u00ab\u00a0En fait, nous redoutions le processus bureaucratique, mais il se peut que nous n&#39;ayons plus \u00e0 y faire face\u00a0\u00bb, a d\u00e9clar\u00e9 Skavlan \u00e0 NRK.<\/p>\n<p>Skavlan a \u00e9galement soulign\u00e9 les difficult\u00e9s de concurrencer les prix des v\u00eatements neufs dans le syst\u00e8me actuel et a appel\u00e9 \u00e0 des mesures suppl\u00e9mentaires, telles que la suppression de la TVA sur les v\u00eatements et les r\u00e9parations, pour soutenir davantage la croissance de mod\u00e8les \u00e9conomiques durables.<\/p>\n<p>Malgr\u00e9 les inqui\u00e9tudes de certains quant \u00e0 la possibilit\u00e9 d&#39;une augmentation des op\u00e9rations de cl\u00f4ture, le gouvernement est convaincu que la r\u00e9forme ne compromettra pas les efforts de lutte contre la criminalit\u00e9.<\/p>\n<p>L&#39;escrime est l&#39;acte de recevoir et de vendre sciemment des biens vol\u00e9s, transformant ces objets de march\u00e9s ill\u00e9gitimes en march\u00e9s l\u00e9gitimes.<\/p>\n<p>Le ministre Vestre a assur\u00e9 que l&#39;accent restait mis sur la promotion d&#39;un environnement dans lequel le commerce d&#39;occasion \u00e9tait per\u00e7u de mani\u00e8re positive et non avec m\u00e9fiance.<\/p>\n<h2 class=\"wp-block-heading\">Le probl\u00e8me mondial est loin d\u2019\u00eatre r\u00e9solu<\/h2>\n<p>Dans un article d&#39;opinion, Hans Cosson-Eide, r\u00e9dacteur en chef de NRK pour le climat, salue les changements, mais affirme que les volumes de v\u00eatements produits dans le monde \u00ab\u00a0sont tellement \u00e9lev\u00e9s que le probl\u00e8me est loin d&#39;\u00eatre r\u00e9solu\u00a0\u00bb.<\/p>\n<p>Il affirme que le volume consid\u00e9rable de d\u00e9chets textiles, associ\u00e9 au manque d\u2019infrastructures de recyclage et \u00e0 la tendance des marchandises exc\u00e9dentaires \u00e0 \u00eatre exp\u00e9di\u00e9es \u00e0 l\u2019\u00e9tranger, souligne la n\u00e9cessit\u00e9 non seulement de repenser les modes de consommation, mais \u00e9galement d\u2019investir dans des solutions de gestion durable des textiles.<\/p>\n<p>Les Nations Unies ont averti que le rythme actuel d\u2019extraction des ressources constitue une menace pour le climat, la nature et la stabilit\u00e9 \u00e9conomique, soulignant la n\u00e9cessit\u00e9 d\u2019une transition vers des pratiques de production et de consommation moins nombreuses et plus durables.<\/p>\n<\/div>\n","protected":false},"excerpt":{"rendered":"<p>Dans une d\u00e9cision qui devrait \u00eatre approuv\u00e9e par le Parlement, la Norv\u00e8ge a annonc\u00e9 son intention de r\u00e9former la loi sur le commerce de seconde<\/p>\n","protected":false},"author":1,"featured_media":828,"comment_status":"closed","ping_status":"","sticky":false,"template":"","format":"standard","meta":{"footnotes":""},"categories":[1],"tags":[921,1074,276,6,1073,28],"yoast_head":"<!-- This site is optimized with the Yoast SEO plugin v21.0 - https:\/\/yoast.com\/wordpress\/plugins\/seo\/ -->\n<title>La Norv\u00e8ge va r\u00e9former la loi sur le commerce d&#039;occasion<\/title>\n<meta name=\"robots\" content=\"index, follow, max-snippet:-1, max-image-preview:large, max-video-preview:-1\" \/>\n<link rel=\"canonical\" href=\"https:\/\/www.svalbard.fr\/actualites\/la-norvege-va-reformer-la-loi-sur-le-commerce-doccasion-2\/\" \/>\n<meta property=\"og:locale\" content=\"fr_FR\" \/>\n<meta property=\"og:type\" content=\"article\" \/>\n<meta property=\"og:title\" content=\"La Norv\u00e8ge va r\u00e9former la loi sur le commerce d&#039;occasion\" \/>\n<meta property=\"og:description\" content=\"Dans une d\u00e9cision qui devrait \u00eatre approuv\u00e9e par le Parlement, la Norv\u00e8ge a annonc\u00e9 son intention de r\u00e9former la loi sur le commerce de seconde\" \/>\n<meta property=\"og:url\" content=\"https:\/\/www.svalbard.fr\/actualites\/la-norvege-va-reformer-la-loi-sur-le-commerce-doccasion-2\/\" \/>\n<meta property=\"og:site_name\" content=\"www.Svalbard.fr\" \/>\n<meta property=\"article:published_time\" content=\"2024-04-06T12:11:12+00:00\" \/>\n<meta property=\"article:modified_time\" content=\"2024-04-06T12:11:14+00:00\" \/>\n<meta property=\"og:image\" content=\"https:\/\/www.svalbard.fr\/actualites\/wp-content\/uploads\/2024\/04\/1712405472_La-Norvege-va-reformer-la-loi-sur-le-commerce-d39occasion.jpg\" \/>\n\t<meta property=\"og:image:width\" content=\"1920\" \/>\n\t<meta property=\"og:image:height\" content=\"1080\" \/>\n\t<meta property=\"og:image:type\" content=\"image\/jpeg\" \/>\n<meta name=\"author\" content=\"Hilmar\" \/>\n<meta name=\"twitter:card\" content=\"summary_large_image\" \/>\n<meta name=\"twitter:label1\" content=\"\u00c9crit par\" \/>\n\t<meta name=\"twitter:data1\" content=\"Hilmar\" \/>\n\t<meta name=\"twitter:label2\" content=\"Dur\u00e9e de lecture estim\u00e9e\" \/>\n\t<meta name=\"twitter:data2\" content=\"4 minutes\" \/>\n<script type=\"application\/ld+json\" class=\"yoast-schema-graph\">{\"@context\":\"https:\/\/schema.org\",\"@graph\":[{\"@type\":\"Article\",\"@id\":\"https:\/\/www.svalbard.fr\/actualites\/la-norvege-va-reformer-la-loi-sur-le-commerce-doccasion-2\/#article\",\"isPartOf\":{\"@id\":\"https:\/\/www.svalbard.fr\/actualites\/la-norvege-va-reformer-la-loi-sur-le-commerce-doccasion-2\/\"},\"author\":{\"name\":\"Hilmar\",\"@id\":\"https:\/\/www.svalbard.fr\/actualites\/#\/schema\/person\/a2f937d5712222366738fae98755c600\"},\"headline\":\"La Norv\u00e8ge va r\u00e9former la loi sur le commerce d&#39;occasion\",\"datePublished\":\"2024-04-06T12:11:12+00:00\",\"dateModified\":\"2024-04-06T12:11:14+00:00\",\"mainEntityOfPage\":{\"@id\":\"https:\/\/www.svalbard.fr\/actualites\/la-norvege-va-reformer-la-loi-sur-le-commerce-doccasion-2\/\"},\"wordCount\":747,\"publisher\":{\"@id\":\"https:\/\/www.svalbard.fr\/actualites\/#organization\"},\"keywords\":[\"commerce\",\"d39occasion\",\"loi\",\"Norv\u00e8ge\",\"r\u00e9former\",\"sur\"],\"articleSection\":[\"Svalbard\"],\"inLanguage\":\"fr-FR\"},{\"@type\":\"WebPage\",\"@id\":\"https:\/\/www.svalbard.fr\/actualites\/la-norvege-va-reformer-la-loi-sur-le-commerce-doccasion-2\/\",\"url\":\"https:\/\/www.svalbard.fr\/actualites\/la-norvege-va-reformer-la-loi-sur-le-commerce-doccasion-2\/\",\"name\":\"La Norv\u00e8ge va r\u00e9former la loi sur le commerce d&#39;occasion\",\"isPartOf\":{\"@id\":\"https:\/\/www.svalbard.fr\/actualites\/#website\"},\"datePublished\":\"2024-04-06T12:11:12+00:00\",\"dateModified\":\"2024-04-06T12:11:14+00:00\",\"breadcrumb\":{\"@id\":\"https:\/\/www.svalbard.fr\/actualites\/la-norvege-va-reformer-la-loi-sur-le-commerce-doccasion-2\/#breadcrumb\"},\"inLanguage\":\"fr-FR\",\"potentialAction\":[{\"@type\":\"ReadAction\",\"target\":[\"https:\/\/www.svalbard.fr\/actualites\/la-norvege-va-reformer-la-loi-sur-le-commerce-doccasion-2\/\"]}]},{\"@type\":\"BreadcrumbList\",\"@id\":\"https:\/\/www.svalbard.fr\/actualites\/la-norvege-va-reformer-la-loi-sur-le-commerce-doccasion-2\/#breadcrumb\",\"itemListElement\":[{\"@type\":\"ListItem\",\"position\":1,\"name\":\"Accueil\",\"item\":\"https:\/\/www.svalbard.fr\/actualites\/\"},{\"@type\":\"ListItem\",\"position\":2,\"name\":\"La Norv\u00e8ge va r\u00e9former la loi sur le commerce d&#39;occasion\"}]},{\"@type\":\"WebSite\",\"@id\":\"https:\/\/www.svalbard.fr\/actualites\/#website\",\"url\":\"https:\/\/www.svalbard.fr\/actualites\/\",\"name\":\"www.Svalbard.fr\",\"description\":\"\",\"publisher\":{\"@id\":\"https:\/\/www.svalbard.fr\/actualites\/#organization\"},\"potentialAction\":[{\"@type\":\"SearchAction\",\"target\":{\"@type\":\"EntryPoint\",\"urlTemplate\":\"https:\/\/www.svalbard.fr\/actualites\/?s={search_term_string}\"},\"query-input\":\"required name=search_term_string\"}],\"inLanguage\":\"fr-FR\"},{\"@type\":\"Organization\",\"@id\":\"https:\/\/www.svalbard.fr\/actualites\/#organization\",\"name\":\"www.Svalbard.fr\",\"url\":\"https:\/\/www.svalbard.fr\/actualites\/\",\"logo\":{\"@type\":\"ImageObject\",\"inLanguage\":\"fr-FR\",\"@id\":\"https:\/\/www.svalbard.fr\/actualites\/#\/schema\/logo\/image\/\",\"url\":\"https:\/\/www.svalbard.fr\/actualites\/wp-content\/uploads\/2023\/09\/head-nom.jpg\",\"contentUrl\":\"https:\/\/www.svalbard.fr\/actualites\/wp-content\/uploads\/2023\/09\/head-nom.jpg\",\"width\":264,\"height\":35,\"caption\":\"www.Svalbard.fr\"},\"image\":{\"@id\":\"https:\/\/www.svalbard.fr\/actualites\/#\/schema\/logo\/image\/\"}},{\"@type\":\"Person\",\"@id\":\"https:\/\/www.svalbard.fr\/actualites\/#\/schema\/person\/a2f937d5712222366738fae98755c600\",\"name\":\"Hilmar\",\"image\":{\"@type\":\"ImageObject\",\"inLanguage\":\"fr-FR\",\"@id\":\"https:\/\/www.svalbard.fr\/actualites\/#\/schema\/person\/image\/\",\"url\":\"https:\/\/secure.gravatar.com\/avatar\/4daa437093476dbc32da415c112b6512?s=96&d=mm&r=g\",\"contentUrl\":\"https:\/\/secure.gravatar.com\/avatar\/4daa437093476dbc32da415c112b6512?s=96&d=mm&r=g\",\"caption\":\"Hilmar\"},\"description\":\"Hilmar est un passionn\u00e9 des r\u00e9gions polaires, sp\u00e9cialis\u00e9 dans la r\u00e9daction d'articles sur le Spitzberg et autres destinations arctiques. Il apporte son expertise et sa passion pour l'Arctique au sein de l'\u00e9quipe de r\u00e9daction de Svalbard depuis de nombreuses ann\u00e9es.\",\"sameAs\":[\"https:\/\/www.svalbard.fr\/\"]}]}<\/script>\n<!-- \/ Yoast SEO plugin. -->","yoast_head_json":{"title":"La Norv\u00e8ge va r\u00e9former la loi sur le commerce d&#39;occasion","robots":{"index":"index","follow":"follow","max-snippet":"max-snippet:-1","max-image-preview":"max-image-preview:large","max-video-preview":"max-video-preview:-1"},"canonical":"https:\/\/www.svalbard.fr\/actualites\/la-norvege-va-reformer-la-loi-sur-le-commerce-doccasion-2\/","og_locale":"fr_FR","og_type":"article","og_title":"La Norv\u00e8ge va r\u00e9former la loi sur le commerce d&#39;occasion","og_description":"Dans une d\u00e9cision qui devrait \u00eatre approuv\u00e9e par le Parlement, la Norv\u00e8ge a annonc\u00e9 son intention de r\u00e9former la loi sur le commerce de seconde","og_url":"https:\/\/www.svalbard.fr\/actualites\/la-norvege-va-reformer-la-loi-sur-le-commerce-doccasion-2\/","og_site_name":"www.Svalbard.fr","article_published_time":"2024-04-06T12:11:12+00:00","article_modified_time":"2024-04-06T12:11:14+00:00","og_image":[{"width":1920,"height":1080,"url":"https:\/\/www.svalbard.fr\/actualites\/wp-content\/uploads\/2024\/04\/1712405472_La-Norvege-va-reformer-la-loi-sur-le-commerce-d39occasion.jpg","type":"image\/jpeg"}],"author":"Hilmar","twitter_card":"summary_large_image","twitter_misc":{"\u00c9crit par":"Hilmar","Dur\u00e9e de lecture estim\u00e9e":"4 minutes"},"schema":{"@context":"https:\/\/schema.org","@graph":[{"@type":"Article","@id":"https:\/\/www.svalbard.fr\/actualites\/la-norvege-va-reformer-la-loi-sur-le-commerce-doccasion-2\/#article","isPartOf":{"@id":"https:\/\/www.svalbard.fr\/actualites\/la-norvege-va-reformer-la-loi-sur-le-commerce-doccasion-2\/"},"author":{"name":"Hilmar","@id":"https:\/\/www.svalbard.fr\/actualites\/#\/schema\/person\/a2f937d5712222366738fae98755c600"},"headline":"La Norv\u00e8ge va r\u00e9former la loi sur le commerce d&#39;occasion","datePublished":"2024-04-06T12:11:12+00:00","dateModified":"2024-04-06T12:11:14+00:00","mainEntityOfPage":{"@id":"https:\/\/www.svalbard.fr\/actualites\/la-norvege-va-reformer-la-loi-sur-le-commerce-doccasion-2\/"},"wordCount":747,"publisher":{"@id":"https:\/\/www.svalbard.fr\/actualites\/#organization"},"keywords":["commerce","d39occasion","loi","Norv\u00e8ge","r\u00e9former","sur"],"articleSection":["Svalbard"],"inLanguage":"fr-FR"},{"@type":"WebPage","@id":"https:\/\/www.svalbard.fr\/actualites\/la-norvege-va-reformer-la-loi-sur-le-commerce-doccasion-2\/","url":"https:\/\/www.svalbard.fr\/actualites\/la-norvege-va-reformer-la-loi-sur-le-commerce-doccasion-2\/","name":"La Norv\u00e8ge va r\u00e9former la loi sur le commerce d&#39;occasion","isPartOf":{"@id":"https:\/\/www.svalbard.fr\/actualites\/#website"},"datePublished":"2024-04-06T12:11:12+00:00","dateModified":"2024-04-06T12:11:14+00:00","breadcrumb":{"@id":"https:\/\/www.svalbard.fr\/actualites\/la-norvege-va-reformer-la-loi-sur-le-commerce-doccasion-2\/#breadcrumb"},"inLanguage":"fr-FR","potentialAction":[{"@type":"ReadAction","target":["https:\/\/www.svalbard.fr\/actualites\/la-norvege-va-reformer-la-loi-sur-le-commerce-doccasion-2\/"]}]},{"@type":"BreadcrumbList","@id":"https:\/\/www.svalbard.fr\/actualites\/la-norvege-va-reformer-la-loi-sur-le-commerce-doccasion-2\/#breadcrumb","itemListElement":[{"@type":"ListItem","position":1,"name":"Accueil","item":"https:\/\/www.svalbard.fr\/actualites\/"},{"@type":"ListItem","position":2,"name":"La Norv\u00e8ge va r\u00e9former la loi sur le commerce d&#39;occasion"}]},{"@type":"WebSite","@id":"https:\/\/www.svalbard.fr\/actualites\/#website","url":"https:\/\/www.svalbard.fr\/actualites\/","name":"www.Svalbard.fr","description":"","publisher":{"@id":"https:\/\/www.svalbard.fr\/actualites\/#organization"},"potentialAction":[{"@type":"SearchAction","target":{"@type":"EntryPoint","urlTemplate":"https:\/\/www.svalbard.fr\/actualites\/?s={search_term_string}"},"query-input":"required name=search_term_string"}],"inLanguage":"fr-FR"},{"@type":"Organization","@id":"https:\/\/www.svalbard.fr\/actualites\/#organization","name":"www.Svalbard.fr","url":"https:\/\/www.svalbard.fr\/actualites\/","logo":{"@type":"ImageObject","inLanguage":"fr-FR","@id":"https:\/\/www.svalbard.fr\/actualites\/#\/schema\/logo\/image\/","url":"https:\/\/www.svalbard.fr\/actualites\/wp-content\/uploads\/2023\/09\/head-nom.jpg","contentUrl":"https:\/\/www.svalbard.fr\/actualites\/wp-content\/uploads\/2023\/09\/head-nom.jpg","width":264,"height":35,"caption":"www.Svalbard.fr"},"image":{"@id":"https:\/\/www.svalbard.fr\/actualites\/#\/schema\/logo\/image\/"}},{"@type":"Person","@id":"https:\/\/www.svalbard.fr\/actualites\/#\/schema\/person\/a2f937d5712222366738fae98755c600","name":"Hilmar","image":{"@type":"ImageObject","inLanguage":"fr-FR","@id":"https:\/\/www.svalbard.fr\/actualites\/#\/schema\/person\/image\/","url":"https:\/\/secure.gravatar.com\/avatar\/4daa437093476dbc32da415c112b6512?s=96&d=mm&r=g","contentUrl":"https:\/\/secure.gravatar.com\/avatar\/4daa437093476dbc32da415c112b6512?s=96&d=mm&r=g","caption":"Hilmar"},"description":"Hilmar est un passionn\u00e9 des r\u00e9gions polaires, sp\u00e9cialis\u00e9 dans la r\u00e9daction d'articles sur le Spitzberg et autres destinations arctiques. Il apporte son expertise et sa passion pour l'Arctique au sein de l'\u00e9quipe de r\u00e9daction de Svalbard depuis de nombreuses ann\u00e9es.","sameAs":["https:\/\/www.svalbard.fr\/"]}]}},"_links":{"self":[{"href":"https:\/\/www.svalbard.fr\/actualites\/wp-json\/wp\/v2\/posts\/827"}],"collection":[{"href":"https:\/\/www.svalbard.fr\/actualites\/wp-json\/wp\/v2\/posts"}],"about":[{"href":"https:\/\/www.svalbard.fr\/actualites\/wp-json\/wp\/v2\/types\/post"}],"author":[{"embeddable":true,"href":"https:\/\/www.svalbard.fr\/actualites\/wp-json\/wp\/v2\/users\/1"}],"replies":[{"embeddable":true,"href":"https:\/\/www.svalbard.fr\/actualites\/wp-json\/wp\/v2\/comments?post=827"}],"version-history":[{"count":1,"href":"https:\/\/www.svalbard.fr\/actualites\/wp-json\/wp\/v2\/posts\/827\/revisions"}],"predecessor-version":[{"id":830,"href":"https:\/\/www.svalbard.fr\/actualites\/wp-json\/wp\/v2\/posts\/827\/revisions\/830"}],"wp:featuredmedia":[{"embeddable":true,"href":"https:\/\/www.svalbard.fr\/actualites\/wp-json\/wp\/v2\/media\/828"}],"wp:attachment":[{"href":"https:\/\/www.svalbard.fr\/actualites\/wp-json\/wp\/v2\/media?parent=827"}],"wp:term":[{"taxonomy":"category","embeddable":true,"href":"https:\/\/www.svalbard.fr\/actualites\/wp-json\/wp\/v2\/categories?post=827"},{"taxonomy":"post_tag","embeddable":true,"href":"https:\/\/www.svalbard.fr\/actualites\/wp-json\/wp\/v2\/tags?post=827"}],"curies":[{"name":"wp","href":"https:\/\/api.w.org\/{rel}","templated":true}]}}