{"id":840,"date":"2024-04-08T09:18:50","date_gmt":"2024-04-08T07:18:50","guid":{"rendered":"https:\/\/www.svalbard.fr\/actualites\/marcus-martinus-les-jumeaux-norvegiens-chantent-pour-la-suede\/"},"modified":"2024-04-08T09:18:59","modified_gmt":"2024-04-08T07:18:59","slug":"marcus-martinus-les-jumeaux-norvegiens-chantent-pour-la-suede","status":"publish","type":"post","link":"https:\/\/www.svalbard.fr\/actualites\/marcus-martinus-les-jumeaux-norvegiens-chantent-pour-la-suede\/","title":{"rendered":"Marcus &#038; Martinus : les jumeaux norv\u00e9giens chantent pour la Su\u00e8de"},"content":{"rendered":"<div itemprop=\"text\">\n<span id=\"dpsp-post-content-markup\" data-image-pin-it=\"false\"><\/span><\/p>\n<p class=\"intro\">Les jeunes jumeaux norv\u00e9giens Marcus et Martinus Gunnarsen, parfois surnomm\u00e9s M&#038;M, repr\u00e9senteront la Su\u00e8de \u00e0 l&#39;Eurovision 2024. Voici leur histoire.<\/p>\n<p>L&#39;annonce du vainqueur du Melodifestivalen su\u00e9dois a fait tourner plusieurs t\u00eates de l&#39;autre c\u00f4t\u00e9 de la fronti\u00e8re norv\u00e9gienne.<\/p>\n<figure class=\"wp-block-image size-large\"><img fetchpriority=\"high\" decoding=\"async\" width=\"768\" height=\"478\" src=\"https:\/\/www.svalbard.fr\/actualites\/wp-content\/uploads\/2024\/04\/Marcus-Martinus-les-jumeaux-norvegiens-chantent-pour-la.jpg\" alt=\"Les Norv\u00e9giens Marcus et Martinus remportent le Melodifestivalen su\u00e9dois.  Photo : L.Enochson \/ Wikip\u00e9dia CC.\" class=\"wp-image-79327\"  ><\/figure>\n<p>Les jeunes pop stars et fr\u00e8res jumeaux Marcus &#038; Martinus ont remport\u00e9 le concours, largement en t\u00eate des votes du public su\u00e9dois et du jury international.<\/p>\n<p>Alors, quel \u00e9tait le b\u0153uf norv\u00e9gien ?  C&#39;est simple.  Melodifestivalen est utilis\u00e9 pour s\u00e9lectionner la candidature de la Su\u00e8de au Concours Eurovision de la chanson, ce qui signifie que les deux talents norv\u00e9giens chanteront pour la Su\u00e8de sur la sc\u00e8ne mondiale.<\/p>\n<p>Comment vont-ils faire ?  Regardez la vid\u00e9o de leur performance gagnante ci-dessous et jugez par vous-m\u00eame\u00a0:<\/p>\n<figure class=\"wp-block-embed is-type-video is-provider-youtube wp-block-embed-youtube wp-embed-aspect-16-9 wp-has-aspect-ratio\">\n<p>\n<iframe loading=\"lazy\" title=\"Marcus &amp; Martinus - Unforgettable | Sweden \ud83c\uddf8\ud83c\uddea | Official Music Video | Eurovision 2024\" width=\"1200\" height=\"675\" src=\"https:\/\/www.youtube.com\/embed\/yekc8t0rJqA?feature=oembed\" frameborder=\"0\" allow=\"accelerometer; autoplay; clipboard-write; encrypted-media; gyroscope; picture-in-picture; web-share\" referrerpolicy=\"strict-origin-when-cross-origin\" allowfullscreen><\/iframe>\n<\/p>\n<\/figure>\n<p>J&#39;aimerais savoir ce que vous pensez de la chanson.  Comment pensez-vous que cela se compare \u00e0 la participation de la Norv\u00e8ge \u00e0 l&#39;Eurovision ?  Faites-moi part de vos r\u00e9flexions dans les commentaires.<\/p>\n<h2 class=\"wp-block-heading\">Une reconnaissance internationale qui suivra s\u00fbrement<\/h2>\n<p>La chanson gagnante, Unforgettable, propulsera certainement le duo vers une reconnaissance internationale, mais ils sont d\u00e9j\u00e0 bien connus en Norv\u00e8ge et en Scandinavie.<\/p>\n<p>Le duo a remport\u00e9 le \u00ab Melodi Grand Prix Junior \u00bb de Norv\u00e8ge.<em> <\/em>alors qu&#39;ils n&#39;avaient que 10 ans.  Leur chanson \u00ab Elektrisk \u00bb est la chanson norv\u00e9gienne la plus \u00e9cout\u00e9e de tous les temps.<\/p>\n<p>R\u00e9cemment, ils ont r\u00e9ussi \u00e0 afficher complet dans tous les pays nordiques sur leur <em>Nous ne sommes pas les m\u00eames, partie 1 <\/em>tourn\u00e9e.  Leur popularit\u00e9 est favoris\u00e9e par leur pr\u00e9sence magn\u00e9tique sur sc\u00e8ne et leur volont\u00e9 de partager une grande partie de leur vie sur les r\u00e9seaux sociaux.<\/p>\n<p>Les jumeaux ont une \u00e9trange capacit\u00e9 \u00e0 charmer leur public, non seulement avec leurs voix m\u00e9lodieuses, mais aussi avec leurs performances dynamiques et leurs paroles pertinentes, tournant souvent autour des th\u00e8mes de l&#39;amour, de l&#39;amiti\u00e9 et des \u00e9preuves de l&#39;adolescence.<\/p>\n<p>Aujourd&#39;hui, l&#39;Eurovision.  Demain, le monde ?<\/p>\n<h2 class=\"wp-block-heading\">L&#39;histoire de Marcus et Martinus<\/h2>\n<p>N\u00e9s le 21 f\u00e9vrier 2002 \u00e0 Elverum, en Norv\u00e8ge, Marcus et Martinus sont les fils de Kjell-Erik et Gerd Anne Gunnarsen.  Ils ont aussi une s\u0153ur cadette, Emma.<\/p>\n<figure class=\"wp-block-image size-large\"><img loading=\"lazy\" data-lazyloaded=\"1\" data-placeholder-resp=\"768x512\" decoding=\"async\" width=\"768\" height=\"512\" src=\"https:\/\/www.svalbard.fr\/actualites\/wp-content\/uploads\/2024\/04\/1712560730_779_Marcus-Martinus-les-jumeaux-norvegiens-chantent-pour-la.jpg\" alt=\"Martinus (\u00e0 gauche) et Marcus (\u00e0 droite) au Melodifestivalen 2024 en Su\u00e8de. Photo : PhotoAnnaR \/ Wikipedia CC.\" class=\"wp-image-79325\"  data-><img loading=\"lazy\" decoding=\"async\" width=\"768\" height=\"512\" src=\"https:\/\/www.svalbard.fr\/actualites\/wp-content\/uploads\/2024\/04\/1712560730_779_Marcus-Martinus-les-jumeaux-norvegiens-chantent-pour-la.jpg\" alt=\"Martinus (\u00e0 gauche) et Marcus (\u00e0 droite) au Melodifestivalen 2024 en Su\u00e8de. Photo : PhotoAnnaR \/ Wikipedia CC.\" class=\"wp-image-79325\"  ><\/figure>\n<p>En 2012, le duo participe \u00e0 la onzi\u00e8me saison du \u00ab Melodi Grand Prix Junior \u00bb.  Ils ont remport\u00e9 la finale, organis\u00e9e \u00e0 Oslo Spektrum, avec la chanson \u00ab To dr\u00e5per vann \u00bb (<em>Deux gouttes d&#39;eau<\/em>), qui a ensuite atteint la huiti\u00e8me place du classement des singles en Norv\u00e8ge.<\/p>\n<p>Leur premier album, \u00ab Hei \u00bb, sorti en 2015, a re\u00e7u un accueil enthousiaste, obtenant le statut de platine dans leur pays d&#39;origine.  Rapidement, le duo est devenu l&#39;un des groupes dance-pop norv\u00e9giens les plus populaires.<\/p>\n<p>Ils ont entrepris des tourn\u00e9es \u00e0 travers l&#39;Europe, apportant leur \u00e9nergie contagieuse sur des sc\u00e8nes en Su\u00e8de, au Danemark et au-del\u00e0.  Leur capacit\u00e9 \u00e0 chanter en norv\u00e9gien et en anglais a \u00e9largi leur attrait, leur permettant d&#39;entrer en contact avec un public diversifi\u00e9.<\/p>\n<p>En novembre 2016, ils sortent leur premier album en anglais, \u00ab Together \u00bb.  Comprenant les chansons \u00e0 succ\u00e8s \u00ab Girls \u00bb, \u00ab Heartbeat \u00bb, \u00ab Light It Up \u00bb et \u00ab One More Second \u00bb, l&#39;album a atteint le sommet des charts en Norv\u00e8ge et en Su\u00e8de.<\/p>\n<h2 class=\"wp-block-heading\">Popularit\u00e9 en Su\u00e8de<\/h2>\n<p>En fait, c&#39;est d\u00e9sormais en Su\u00e8de que le duo conna\u00eet sans doute le plus de succ\u00e8s.  M\u00eame avant la victoire du Melodifestivalen, M&#038;M a remport\u00e9 le \u00ab Masked Singer Sverige \u00bb et a \u00e9galement particip\u00e9 au Melodifestivalen en 2023.<\/p>\n<p>Sans la popularit\u00e9 de Loreen, ils auraient peut-\u00eatre d\u00e9j\u00e0 repr\u00e9sent\u00e9 la Su\u00e8de \u00e0 l&#39;Eurovision.  Le duo a termin\u00e9 \u00e0 la deuxi\u00e8me place derri\u00e8re Loreen lors de l&#39;\u00e9dition 2023 du Melodifestivalen avec leur chanson \u00ab Air \u00bb.<\/p>\n<p><strong>\u00cates-vous fan de Marcus et Martinus?<\/strong> Quelles sont vos chansons pr\u00e9f\u00e9r\u00e9es du duo ?  Enfin, pensez-vous qu\u2019ils peuvent remporter une victoire pour la Su\u00e8de ?  J&#39;aimerais entendre vos r\u00e9flexions dans les commentaires.<\/p>\n<\/div>\n","protected":false},"excerpt":{"rendered":"<p>Les jeunes jumeaux norv\u00e9giens Marcus et Martinus Gunnarsen, parfois surnomm\u00e9s M&#038;M, repr\u00e9senteront la Su\u00e8de \u00e0 l&#39;Eurovision 2024. Voici leur histoire. L&#39;annonce du vainqueur du Melodifestivalen<\/p>\n","protected":false},"author":1,"featured_media":841,"comment_status":"closed","ping_status":"","sticky":false,"template":"","format":"standard","meta":{"footnotes":""},"categories":[1],"tags":[1092,1091,3,1089,1090,226,150,765],"yoast_head":"<!-- This site is optimized with the Yoast SEO plugin v21.0 - https:\/\/yoast.com\/wordpress\/plugins\/seo\/ -->\n<title>Marcus &amp; Martinus : les jumeaux norv\u00e9giens chantent pour la Su\u00e8de<\/title>\n<meta name=\"robots\" content=\"index, follow, max-snippet:-1, max-image-preview:large, max-video-preview:-1\" \/>\n<link rel=\"canonical\" href=\"https:\/\/www.svalbard.fr\/actualites\/marcus-martinus-les-jumeaux-norvegiens-chantent-pour-la-suede\/\" \/>\n<meta property=\"og:locale\" content=\"fr_FR\" \/>\n<meta property=\"og:type\" content=\"article\" \/>\n<meta property=\"og:title\" content=\"Marcus &amp; Martinus : les jumeaux norv\u00e9giens chantent pour la Su\u00e8de\" \/>\n<meta property=\"og:description\" content=\"Les jeunes jumeaux norv\u00e9giens Marcus et Martinus Gunnarsen, parfois surnomm\u00e9s M&#038;M, repr\u00e9senteront la Su\u00e8de \u00e0 l&#039;Eurovision 2024. Voici leur histoire. L&#039;annonce du vainqueur du Melodifestivalen\" \/>\n<meta property=\"og:url\" content=\"https:\/\/www.svalbard.fr\/actualites\/marcus-martinus-les-jumeaux-norvegiens-chantent-pour-la-suede\/\" \/>\n<meta property=\"og:site_name\" content=\"www.Svalbard.fr\" \/>\n<meta property=\"article:published_time\" content=\"2024-04-08T07:18:50+00:00\" \/>\n<meta property=\"article:modified_time\" content=\"2024-04-08T07:18:59+00:00\" \/>\n<meta property=\"og:image\" content=\"https:\/\/www.svalbard.fr\/actualites\/wp-content\/uploads\/2024\/04\/1712560734_Marcus-Martinus-les-jumeaux-norvegiens-chantent-pour-la.jpg\" \/>\n\t<meta property=\"og:image:width\" content=\"1800\" \/>\n\t<meta property=\"og:image:height\" content=\"1120\" \/>\n\t<meta property=\"og:image:type\" content=\"image\/jpeg\" \/>\n<meta name=\"author\" content=\"Hilmar\" \/>\n<meta name=\"twitter:card\" content=\"summary_large_image\" \/>\n<meta name=\"twitter:label1\" content=\"\u00c9crit par\" \/>\n\t<meta name=\"twitter:data1\" content=\"Hilmar\" \/>\n\t<meta name=\"twitter:label2\" content=\"Dur\u00e9e de lecture estim\u00e9e\" \/>\n\t<meta name=\"twitter:data2\" content=\"3 minutes\" \/>\n<script type=\"application\/ld+json\" class=\"yoast-schema-graph\">{\"@context\":\"https:\/\/schema.org\",\"@graph\":[{\"@type\":\"Article\",\"@id\":\"https:\/\/www.svalbard.fr\/actualites\/marcus-martinus-les-jumeaux-norvegiens-chantent-pour-la-suede\/#article\",\"isPartOf\":{\"@id\":\"https:\/\/www.svalbard.fr\/actualites\/marcus-martinus-les-jumeaux-norvegiens-chantent-pour-la-suede\/\"},\"author\":{\"name\":\"Hilmar\",\"@id\":\"https:\/\/www.svalbard.fr\/actualites\/#\/schema\/person\/a2f937d5712222366738fae98755c600\"},\"headline\":\"Marcus &#038; Martinus : les jumeaux norv\u00e9giens chantent pour la Su\u00e8de\",\"datePublished\":\"2024-04-08T07:18:50+00:00\",\"dateModified\":\"2024-04-08T07:18:59+00:00\",\"mainEntityOfPage\":{\"@id\":\"https:\/\/www.svalbard.fr\/actualites\/marcus-martinus-les-jumeaux-norvegiens-chantent-pour-la-suede\/\"},\"wordCount\":699,\"publisher\":{\"@id\":\"https:\/\/www.svalbard.fr\/actualites\/#organization\"},\"keywords\":[\"chantent\",\"jumeaux\",\"Les\",\"Marcus\",\"Martinus\",\"norv\u00e9giens\",\"pour\",\"Su\u00e8de\"],\"articleSection\":[\"Svalbard\"],\"inLanguage\":\"fr-FR\"},{\"@type\":\"WebPage\",\"@id\":\"https:\/\/www.svalbard.fr\/actualites\/marcus-martinus-les-jumeaux-norvegiens-chantent-pour-la-suede\/\",\"url\":\"https:\/\/www.svalbard.fr\/actualites\/marcus-martinus-les-jumeaux-norvegiens-chantent-pour-la-suede\/\",\"name\":\"Marcus & Martinus : les jumeaux norv\u00e9giens chantent pour la Su\u00e8de\",\"isPartOf\":{\"@id\":\"https:\/\/www.svalbard.fr\/actualites\/#website\"},\"datePublished\":\"2024-04-08T07:18:50+00:00\",\"dateModified\":\"2024-04-08T07:18:59+00:00\",\"breadcrumb\":{\"@id\":\"https:\/\/www.svalbard.fr\/actualites\/marcus-martinus-les-jumeaux-norvegiens-chantent-pour-la-suede\/#breadcrumb\"},\"inLanguage\":\"fr-FR\",\"potentialAction\":[{\"@type\":\"ReadAction\",\"target\":[\"https:\/\/www.svalbard.fr\/actualites\/marcus-martinus-les-jumeaux-norvegiens-chantent-pour-la-suede\/\"]}]},{\"@type\":\"BreadcrumbList\",\"@id\":\"https:\/\/www.svalbard.fr\/actualites\/marcus-martinus-les-jumeaux-norvegiens-chantent-pour-la-suede\/#breadcrumb\",\"itemListElement\":[{\"@type\":\"ListItem\",\"position\":1,\"name\":\"Accueil\",\"item\":\"https:\/\/www.svalbard.fr\/actualites\/\"},{\"@type\":\"ListItem\",\"position\":2,\"name\":\"Marcus &#038; Martinus : les jumeaux norv\u00e9giens chantent pour la Su\u00e8de\"}]},{\"@type\":\"WebSite\",\"@id\":\"https:\/\/www.svalbard.fr\/actualites\/#website\",\"url\":\"https:\/\/www.svalbard.fr\/actualites\/\",\"name\":\"www.Svalbard.fr\",\"description\":\"\",\"publisher\":{\"@id\":\"https:\/\/www.svalbard.fr\/actualites\/#organization\"},\"potentialAction\":[{\"@type\":\"SearchAction\",\"target\":{\"@type\":\"EntryPoint\",\"urlTemplate\":\"https:\/\/www.svalbard.fr\/actualites\/?s={search_term_string}\"},\"query-input\":\"required name=search_term_string\"}],\"inLanguage\":\"fr-FR\"},{\"@type\":\"Organization\",\"@id\":\"https:\/\/www.svalbard.fr\/actualites\/#organization\",\"name\":\"www.Svalbard.fr\",\"url\":\"https:\/\/www.svalbard.fr\/actualites\/\",\"logo\":{\"@type\":\"ImageObject\",\"inLanguage\":\"fr-FR\",\"@id\":\"https:\/\/www.svalbard.fr\/actualites\/#\/schema\/logo\/image\/\",\"url\":\"https:\/\/www.svalbard.fr\/actualites\/wp-content\/uploads\/2023\/09\/head-nom.jpg\",\"contentUrl\":\"https:\/\/www.svalbard.fr\/actualites\/wp-content\/uploads\/2023\/09\/head-nom.jpg\",\"width\":264,\"height\":35,\"caption\":\"www.Svalbard.fr\"},\"image\":{\"@id\":\"https:\/\/www.svalbard.fr\/actualites\/#\/schema\/logo\/image\/\"}},{\"@type\":\"Person\",\"@id\":\"https:\/\/www.svalbard.fr\/actualites\/#\/schema\/person\/a2f937d5712222366738fae98755c600\",\"name\":\"Hilmar\",\"image\":{\"@type\":\"ImageObject\",\"inLanguage\":\"fr-FR\",\"@id\":\"https:\/\/www.svalbard.fr\/actualites\/#\/schema\/person\/image\/\",\"url\":\"https:\/\/secure.gravatar.com\/avatar\/4daa437093476dbc32da415c112b6512?s=96&d=mm&r=g\",\"contentUrl\":\"https:\/\/secure.gravatar.com\/avatar\/4daa437093476dbc32da415c112b6512?s=96&d=mm&r=g\",\"caption\":\"Hilmar\"},\"description\":\"Hilmar est un passionn\u00e9 des r\u00e9gions polaires, sp\u00e9cialis\u00e9 dans la r\u00e9daction d'articles sur le Spitzberg et autres destinations arctiques. Il apporte son expertise et sa passion pour l'Arctique au sein de l'\u00e9quipe de r\u00e9daction de Svalbard depuis de nombreuses ann\u00e9es.\",\"sameAs\":[\"https:\/\/www.svalbard.fr\/\"]}]}<\/script>\n<!-- \/ Yoast SEO plugin. -->","yoast_head_json":{"title":"Marcus & Martinus : les jumeaux norv\u00e9giens chantent pour la Su\u00e8de","robots":{"index":"index","follow":"follow","max-snippet":"max-snippet:-1","max-image-preview":"max-image-preview:large","max-video-preview":"max-video-preview:-1"},"canonical":"https:\/\/www.svalbard.fr\/actualites\/marcus-martinus-les-jumeaux-norvegiens-chantent-pour-la-suede\/","og_locale":"fr_FR","og_type":"article","og_title":"Marcus & Martinus : les jumeaux norv\u00e9giens chantent pour la Su\u00e8de","og_description":"Les jeunes jumeaux norv\u00e9giens Marcus et Martinus Gunnarsen, parfois surnomm\u00e9s M&#038;M, repr\u00e9senteront la Su\u00e8de \u00e0 l&#39;Eurovision 2024. Voici leur histoire. L&#39;annonce du vainqueur du Melodifestivalen","og_url":"https:\/\/www.svalbard.fr\/actualites\/marcus-martinus-les-jumeaux-norvegiens-chantent-pour-la-suede\/","og_site_name":"www.Svalbard.fr","article_published_time":"2024-04-08T07:18:50+00:00","article_modified_time":"2024-04-08T07:18:59+00:00","og_image":[{"width":1800,"height":1120,"url":"https:\/\/www.svalbard.fr\/actualites\/wp-content\/uploads\/2024\/04\/1712560734_Marcus-Martinus-les-jumeaux-norvegiens-chantent-pour-la.jpg","type":"image\/jpeg"}],"author":"Hilmar","twitter_card":"summary_large_image","twitter_misc":{"\u00c9crit par":"Hilmar","Dur\u00e9e de lecture estim\u00e9e":"3 minutes"},"schema":{"@context":"https:\/\/schema.org","@graph":[{"@type":"Article","@id":"https:\/\/www.svalbard.fr\/actualites\/marcus-martinus-les-jumeaux-norvegiens-chantent-pour-la-suede\/#article","isPartOf":{"@id":"https:\/\/www.svalbard.fr\/actualites\/marcus-martinus-les-jumeaux-norvegiens-chantent-pour-la-suede\/"},"author":{"name":"Hilmar","@id":"https:\/\/www.svalbard.fr\/actualites\/#\/schema\/person\/a2f937d5712222366738fae98755c600"},"headline":"Marcus &#038; Martinus : les jumeaux norv\u00e9giens chantent pour la Su\u00e8de","datePublished":"2024-04-08T07:18:50+00:00","dateModified":"2024-04-08T07:18:59+00:00","mainEntityOfPage":{"@id":"https:\/\/www.svalbard.fr\/actualites\/marcus-martinus-les-jumeaux-norvegiens-chantent-pour-la-suede\/"},"wordCount":699,"publisher":{"@id":"https:\/\/www.svalbard.fr\/actualites\/#organization"},"keywords":["chantent","jumeaux","Les","Marcus","Martinus","norv\u00e9giens","pour","Su\u00e8de"],"articleSection":["Svalbard"],"inLanguage":"fr-FR"},{"@type":"WebPage","@id":"https:\/\/www.svalbard.fr\/actualites\/marcus-martinus-les-jumeaux-norvegiens-chantent-pour-la-suede\/","url":"https:\/\/www.svalbard.fr\/actualites\/marcus-martinus-les-jumeaux-norvegiens-chantent-pour-la-suede\/","name":"Marcus & Martinus : les jumeaux norv\u00e9giens chantent pour la Su\u00e8de","isPartOf":{"@id":"https:\/\/www.svalbard.fr\/actualites\/#website"},"datePublished":"2024-04-08T07:18:50+00:00","dateModified":"2024-04-08T07:18:59+00:00","breadcrumb":{"@id":"https:\/\/www.svalbard.fr\/actualites\/marcus-martinus-les-jumeaux-norvegiens-chantent-pour-la-suede\/#breadcrumb"},"inLanguage":"fr-FR","potentialAction":[{"@type":"ReadAction","target":["https:\/\/www.svalbard.fr\/actualites\/marcus-martinus-les-jumeaux-norvegiens-chantent-pour-la-suede\/"]}]},{"@type":"BreadcrumbList","@id":"https:\/\/www.svalbard.fr\/actualites\/marcus-martinus-les-jumeaux-norvegiens-chantent-pour-la-suede\/#breadcrumb","itemListElement":[{"@type":"ListItem","position":1,"name":"Accueil","item":"https:\/\/www.svalbard.fr\/actualites\/"},{"@type":"ListItem","position":2,"name":"Marcus &#038; Martinus : les jumeaux norv\u00e9giens chantent pour la Su\u00e8de"}]},{"@type":"WebSite","@id":"https:\/\/www.svalbard.fr\/actualites\/#website","url":"https:\/\/www.svalbard.fr\/actualites\/","name":"www.Svalbard.fr","description":"","publisher":{"@id":"https:\/\/www.svalbard.fr\/actualites\/#organization"},"potentialAction":[{"@type":"SearchAction","target":{"@type":"EntryPoint","urlTemplate":"https:\/\/www.svalbard.fr\/actualites\/?s={search_term_string}"},"query-input":"required name=search_term_string"}],"inLanguage":"fr-FR"},{"@type":"Organization","@id":"https:\/\/www.svalbard.fr\/actualites\/#organization","name":"www.Svalbard.fr","url":"https:\/\/www.svalbard.fr\/actualites\/","logo":{"@type":"ImageObject","inLanguage":"fr-FR","@id":"https:\/\/www.svalbard.fr\/actualites\/#\/schema\/logo\/image\/","url":"https:\/\/www.svalbard.fr\/actualites\/wp-content\/uploads\/2023\/09\/head-nom.jpg","contentUrl":"https:\/\/www.svalbard.fr\/actualites\/wp-content\/uploads\/2023\/09\/head-nom.jpg","width":264,"height":35,"caption":"www.Svalbard.fr"},"image":{"@id":"https:\/\/www.svalbard.fr\/actualites\/#\/schema\/logo\/image\/"}},{"@type":"Person","@id":"https:\/\/www.svalbard.fr\/actualites\/#\/schema\/person\/a2f937d5712222366738fae98755c600","name":"Hilmar","image":{"@type":"ImageObject","inLanguage":"fr-FR","@id":"https:\/\/www.svalbard.fr\/actualites\/#\/schema\/person\/image\/","url":"https:\/\/secure.gravatar.com\/avatar\/4daa437093476dbc32da415c112b6512?s=96&d=mm&r=g","contentUrl":"https:\/\/secure.gravatar.com\/avatar\/4daa437093476dbc32da415c112b6512?s=96&d=mm&r=g","caption":"Hilmar"},"description":"Hilmar est un passionn\u00e9 des r\u00e9gions polaires, sp\u00e9cialis\u00e9 dans la r\u00e9daction d'articles sur le Spitzberg et autres destinations arctiques. Il apporte son expertise et sa passion pour l'Arctique au sein de l'\u00e9quipe de r\u00e9daction de Svalbard depuis de nombreuses ann\u00e9es.","sameAs":["https:\/\/www.svalbard.fr\/"]}]}},"_links":{"self":[{"href":"https:\/\/www.svalbard.fr\/actualites\/wp-json\/wp\/v2\/posts\/840"}],"collection":[{"href":"https:\/\/www.svalbard.fr\/actualites\/wp-json\/wp\/v2\/posts"}],"about":[{"href":"https:\/\/www.svalbard.fr\/actualites\/wp-json\/wp\/v2\/types\/post"}],"author":[{"embeddable":true,"href":"https:\/\/www.svalbard.fr\/actualites\/wp-json\/wp\/v2\/users\/1"}],"replies":[{"embeddable":true,"href":"https:\/\/www.svalbard.fr\/actualites\/wp-json\/wp\/v2\/comments?post=840"}],"version-history":[{"count":1,"href":"https:\/\/www.svalbard.fr\/actualites\/wp-json\/wp\/v2\/posts\/840\/revisions"}],"predecessor-version":[{"id":842,"href":"https:\/\/www.svalbard.fr\/actualites\/wp-json\/wp\/v2\/posts\/840\/revisions\/842"}],"wp:featuredmedia":[{"embeddable":true,"href":"https:\/\/www.svalbard.fr\/actualites\/wp-json\/wp\/v2\/media\/841"}],"wp:attachment":[{"href":"https:\/\/www.svalbard.fr\/actualites\/wp-json\/wp\/v2\/media?parent=840"}],"wp:term":[{"taxonomy":"category","embeddable":true,"href":"https:\/\/www.svalbard.fr\/actualites\/wp-json\/wp\/v2\/categories?post=840"},{"taxonomy":"post_tag","embeddable":true,"href":"https:\/\/www.svalbard.fr\/actualites\/wp-json\/wp\/v2\/tags?post=840"}],"curies":[{"name":"wp","href":"https:\/\/api.w.org\/{rel}","templated":true}]}}