{"id":992,"date":"2024-05-20T08:20:58","date_gmt":"2024-05-20T06:20:58","guid":{"rendered":"https:\/\/www.svalbard.fr\/actualites\/trollkrem-presentation-de-la-mousse-norvegienne-aux-airelles\/"},"modified":"2024-05-20T08:21:01","modified_gmt":"2024-05-20T06:21:01","slug":"trollkrem-presentation-de-la-mousse-norvegienne-aux-airelles","status":"publish","type":"post","link":"https:\/\/www.svalbard.fr\/actualites\/trollkrem-presentation-de-la-mousse-norvegienne-aux-airelles\/","title":{"rendered":"Trollkrem\u00a0: Pr\u00e9sentation de la mousse norv\u00e9gienne aux airelles"},"content":{"rendered":"<div itemprop=\"text\">\n<span id=\"dpsp-post-content-markup\" data-image-pin-it=\"false\"><\/span><\/p>\n<p class=\"intro\">D\u00e9couvrez l&#39;histoire du trollkrem, un dessert \u00e0 base d&#39;airelles profond\u00e9ment ancr\u00e9 dans la tradition norv\u00e9gienne et cr\u00e9\u00e9 avec des ingr\u00e9dients locaux.  Nous vous montrerons m\u00eame comment le r\u00e9aliser.<\/p>\n<p>Trollkrem (litt\u00e9ralement : cr\u00e8me de troll) est rose, l\u00e9ger, moelleux et aussi fantaisiste que les cr\u00e9atures folkloriques dont il porte le nom.  Dans notre derni\u00e8re aventure de cuisine cosy, nous plongeons dans le monde de cette d\u00e9licieuse tranche de Scandinavie sur votre cuill\u00e8re.<\/p>\n<figure class=\"wp-block-image size-large\"><img fetchpriority=\"high\" decoding=\"async\" width=\"768\" height=\"439\" src=\"https:\/\/www.svalbard.fr\/actualites\/wp-content\/uploads\/2024\/05\/Trollkrem-Presentation-de-la-mousse-norvegienne-aux-airelles.jpeg\" alt=\"Illustration d&#39;un bol de trollkrem.\" class=\"wp-image-80156\"  ><\/figure>\n<p>Que ce soit pour une r\u00e9union festive ou une soir\u00e9e tranquille au coin du feu, le trollkrem trouve toujours sa place dans les c\u0153urs et les foyers norv\u00e9giens.<\/p>\n<p>Alors, prenez un bol et laissez-nous vous emmener sur le chemin de ce dessert traditionnel et de l&#39;ingr\u00e9dient riche en histoire qu&#39;il contient.<\/p>\n<h2 class=\"wp-block-heading\">Qu&#39;est-ce qu&#39;un trollkrem ?<\/h2>\n<p>Trollkrem est ce qui se rapproche le plus de la capture d&#39;un morceau de ciel norv\u00e9gien dans un bol.  Son ingr\u00e9dient principal est l&#39;humble <em>tyttebaer<\/em>, connue en anglais sous le nom de airelle.  Oui, ce favori nordique qui figure dans les magasins IKEA du monde entier\u00a0!<\/p>\n<p>La magie du trollkrem r\u00e9side dans sa simplicit\u00e9 : des blancs d&#39;\u0153ufs, du sucre, une touche de vanille et bien s\u00fbr des airelles.  Pr\u00e9parez ces humbles ingr\u00e9dients et vous serez surpris.<\/p>\n<p>Le r\u00e9sultat est un m\u00e9lange cr\u00e9meux et moelleux qui prend du volume, presque comme un tour de magie culinaire !<\/p>\n<p>Servir du trollkrem est une joie en soi.  Associez-le \u00e0 des airelles fra\u00eeches, une boule de glace ou un filet de sauce vanille.<\/p>\n<p>L&#39;acidit\u00e9 des airelles est \u00e9quilibr\u00e9e par la douceur du sucre.  Le moelleux des blancs d\u2019\u0153ufs battus constitue la toile de fond parfaite pour une explosion de saveur naturelle de baies.<\/p>\n<p>Et le trollkrem n&#39;est pas une merveille \u00e0 une seule baie.  Remplacez les airelles par des myrtilles fra\u00eechement cueillies, et voil\u00e0, vous avez ce que certains appellent effront\u00e9ment <em>vettekrem<\/em>: un clin d&#39;\u0153il \u00e0 une autre cr\u00e9ature du folklore norv\u00e9gien.<\/p>\n<h2 class=\"wp-block-heading\">Recette de Trollkrem : Comment faire du trollkrem<\/h2>\n<p>Voici comment concocter une magie norv\u00e9gienne aux petits fruits.<\/p>\n<h3 class=\"wp-block-heading\"><strong>Rassemblez vos ingr\u00e9dients<\/strong><\/h3>\n<ul>\n<li>2 blancs d&#39;\u0153ufs (c&#39;est l\u00e0 que la magie commence \u2013 assurez-vous qu&#39;il n&#39;y a pas de jaune dedans)<\/li>\n<li>250 g de sucre (douceur, oh !)<\/li>\n<li>1 cuill\u00e8re \u00e0 soupe de sucre vanill\u00e9 (pour cette touche suppl\u00e9mentaire de saveur)<\/li>\n<li>500 g d&#39;airelles rouges (fra\u00eechement cueillies ou d\u00e9congel\u00e9es)<\/li>\n<\/ul>\n<p>Vous ne trouvez pas de sucre vanill\u00e9 ?  Aucun probl\u00e8me.  \u00c9changez-le simplement contre une cuill\u00e8re \u00e0 caf\u00e9 d\u2019extrait de vanille.<\/p>\n<h3 class=\"wp-block-heading\">R\u00e9alisez la magie<\/h3>\n<p>La fa\u00e7on la plus simple de r\u00e9aliser cette recette consiste \u00e0 utiliser un batteur sur socle avec un grand bol et un fouet.  Un batteur \u00e0 main fonctionne \u00e9galement, mais quoi que vous fassiez, assurez-vous simplement que votre bol est suffisamment grand.<\/p>\n<figure class=\"wp-block-image size-large\"><img loading=\"lazy\" data-lazyloaded=\"1\" data-placeholder-resp=\"768x512\" decoding=\"async\" width=\"768\" height=\"512\" src=\"https:\/\/www.svalbard.fr\/actualites\/wp-content\/uploads\/2024\/05\/Trollkrem-Presentation-de-la-mousse-norvegienne-aux-airelles.jpg\" alt=\"Une souris mousseuse aux airelles servie \u00e0 l&#39;EPCOT de Walt Disney World pendant le festival de la gastronomie et du vin.  Photo : Edward Russell \/ Flickr (Creative Commons)\" class=\"wp-image-79046\"  data-><img loading=\"lazy\" decoding=\"async\" width=\"768\" height=\"512\" src=\"https:\/\/www.svalbard.fr\/actualites\/wp-content\/uploads\/2024\/05\/Trollkrem-Presentation-de-la-mousse-norvegienne-aux-airelles.jpg\" alt=\"Une souris mousseuse aux airelles servie \u00e0 l&#39;EPCOT de Walt Disney World pendant le festival de la gastronomie et du vin.  Photo : Edward Russell \/ Flickr (Creative Commons)\" class=\"wp-image-79046\"  ><\/figure>\n<p>La proc\u00e9dure est d\u2019une simplicit\u00e9 trompeuse.  Mettez tous les ingr\u00e9dients dans le bol et fouettez \u00e0 grande vitesse jusqu&#39;\u00e0 ce que le m\u00e9lange augmente de volume et devienne l\u00e9ger et a\u00e9r\u00e9.<\/p>\n<p>Certaines personnes pr\u00e9f\u00e8rent d&#39;abord battre les blancs d&#39;\u0153ufs, ajouter progressivement le sucre et la vanille, battre encore un peu, et enfin ajouter les baies et battre jusqu&#39;\u00e0 ce que le m\u00e9lange soit homog\u00e8ne.  Mais tout m\u00e9langer d\u00e8s le d\u00e9part fonctionne aussi. <\/p>\n<h3 class=\"wp-block-heading\">Quelques conseils pour r\u00e9aliser du Trollkrem<\/h3>\n<ul>\n<li>Trollkrem pousse BEAUCOUP en volume, alors pr\u00e9parez-vous \u00e0 une agr\u00e9able surprise !<\/li>\n<li>Il est pr\u00e9f\u00e9rable de le d\u00e9guster peu de temps apr\u00e8s l&#39;avoir fouett\u00e9, car il a tendance \u00e0 se stabiliser s&#39;il est laiss\u00e9 trop longtemps au repos.<\/li>\n<li>S&#39;il vous reste des restes, vous pouvez les congeler.  Le r\u00e9sultat sera semblable \u00e0 un sorbet.<\/li>\n<li>Ce dessert est sans produits laitiers, donc parfait pour ceux qui ne supportent pas le lactose.<\/li>\n<\/ul>\n<p>Servir avec des baies fra\u00eeches, de la glace, un peu de sauce vanille, de la cr\u00e8me fouett\u00e9e ou peut-\u00eatre des biscuits \u00e9cras\u00e9s pour un peu de croquant.<\/p>\n<h2 class=\"wp-block-heading\">Mais attendez, n&#39;est-ce pas mauvais de manger des \u0153ufs crus ?<\/h2>\n<p>Nous savons que certains d\u2019entre vous l\u00e8veront peut-\u00eatre un sourcil \u00e0 l\u2019id\u00e9e de servir des blancs d\u2019\u0153ufs crus dans le cadre d\u2019un dessert, notamment nos amis am\u00e9ricains.<\/p>\n<p>Il existe un faible risque que les \u0153ufs crus contiennent de la salmonelle, une bact\u00e9rie pouvant provoquer une intoxication alimentaire.  Ce danger n&#39;est litt\u00e9ralement pr\u00e9sent \u00e0 l&#39;esprit de personne en Norv\u00e8ge, \u00e0 moins d&#39;\u00eatre enceinte ou d&#39;avoir un syst\u00e8me immunitaire affaibli.<\/p>\n<p>Les normes de production d\u2019\u0153ufs dans le pays rendent le risque si faible qu\u2019il est n\u00e9gligeable, il ne vaut donc pas la peine de s\u2019en inqui\u00e9ter.<\/p>\n<p>Cela \u00e9tant dit, vous pouvez toujours d\u00e9guster du trollkrem m\u00eame si vous n&#39;\u00eates pas \u00e0 l&#39;aise avec l&#39;id\u00e9e de manger des \u0153ufs crus.  Tous les ovoproduits vendus aux \u00c9tats-Unis doivent \u00eatre pasteuris\u00e9s, selon la loi.<\/p>\n<p>Cela inclut les \u0153ufs vendus hors de leur coquille.  Ainsi, les bouteilles de blancs d\u2019\u0153ufs sont garanties sans salmonelles et peuvent \u00eatre utilis\u00e9es en toute s\u00e9r\u00e9nit\u00e9 pour concocter une fourn\u00e9e de trollkrem.<\/p>\n<h2 class=\"wp-block-heading\">Airelles rouges<\/h2>\n<p>Les airelles rouges sont connues pour leur capacit\u00e9 \u00e0 se conserver pendant de longues p\u00e9riodes.  Le secret r\u00e9side dans leur haute teneur en acide benzo\u00efque, un conservateur naturel.  Les propri\u00e9t\u00e9s antimicrobiennes de ce compos\u00e9 aident \u00e0 les garder frais pendant de longues p\u00e9riodes.<\/p>\n<figure class=\"wp-block-image size-large\"><img loading=\"lazy\" data-lazyloaded=\"1\" data-placeholder-resp=\"768x512\" decoding=\"async\" width=\"768\" height=\"512\" src=\"https:\/\/www.svalbard.fr\/actualites\/wp-content\/uploads\/2024\/03\/Presentation-des-airelles-un-incontournable-scandinave.jpeg\" alt=\"Airelles \u00e0 la main.\" class=\"wp-image-78945\"  data-><img loading=\"lazy\" decoding=\"async\" width=\"768\" height=\"512\" src=\"https:\/\/www.svalbard.fr\/actualites\/wp-content\/uploads\/2024\/03\/Presentation-des-airelles-un-incontournable-scandinave.jpeg\" alt=\"Airelles \u00e0 la main.\" class=\"wp-image-78945\"  ><\/figure>\n<p>Traditionnellement, cela aurait \u00e9t\u00e9 avantageux pendant les longs et rigoureux mois d\u2019hiver en Scandinavie.  C&#39;est \u00e9galement l&#39;une des principales raisons pour lesquelles nous pensons qu&#39;ils faisaient partie du r\u00e9gime alimentaire des Vikings.<\/p>\n<h2 class=\"wp-block-heading\">O\u00f9 puis-je trouver des airelles rouges ?<\/h2>\n<p>Que vous soyez au Royaume-Uni ou aux \u00c9tats-Unis, la meilleure fa\u00e7on d&#39;obtenir des airelles rouges est de trouver un magasin sp\u00e9cialis\u00e9 scandinave.  Si vous \u00eates en \u00c9cosse, vous voudrez peut-\u00eatre essayer de cueillir les v\u00f4tres : l\u00e0-bas, on les appelle des airelles rouges.<\/p>\n<p>En dernier recours, Ikea propose de la confiture d&#39;airelles, qui peut \u00eatre utilis\u00e9e pour faire du trollkrem.  Commencez simplement par monter vos blancs d&#39;\u0153ufs jusqu&#39;\u00e0 ce qu&#39;ils soient mousseux, et ajoutez la confiture progressivement tout en battant continuellement.<\/p>\n<p>Go\u00fbtez au fur et \u00e0 mesure et arr\u00eatez d&#39;ajouter de la confiture lorsque vous \u00eates satisfait de la consistance et de la saveur.  Ce ne sera pas exactement la m\u00eame chose que d\u2019utiliser des baies fra\u00eeches, mais ce sera une approximation assez proche.<\/p>\n<p><strong>Avez-vous d\u00e9j\u00e0 go\u00fbt\u00e9 au trollkrem ?<\/strong> \u00cates-vous tent\u00e9 de rechercher les ingr\u00e9dients et d\u2019essayer de les pr\u00e9parer vous-m\u00eame\u00a0?  L\u2019id\u00e9e de manger des \u0153ufs crus vous rebute ?  Faites le nous savoir dans les commentaires.<\/p>\n<\/div>\n","protected":false},"excerpt":{"rendered":"<p>D\u00e9couvrez l&#39;histoire du trollkrem, un dessert \u00e0 base d&#39;airelles profond\u00e9ment ancr\u00e9 dans la tradition norv\u00e9gienne et cr\u00e9\u00e9 avec des ingr\u00e9dients locaux. Nous vous montrerons m\u00eame<\/p>\n","protected":false},"author":1,"featured_media":993,"comment_status":"closed","ping_status":"","sticky":false,"template":"","format":"standard","meta":{"footnotes":""},"categories":[1],"tags":[932,13,1259,277,931,1258],"yoast_head":"<!-- This site is optimized with the Yoast SEO plugin v21.0 - https:\/\/yoast.com\/wordpress\/plugins\/seo\/ -->\n<title>Trollkrem\u00a0: Pr\u00e9sentation de la mousse norv\u00e9gienne aux airelles<\/title>\n<meta name=\"robots\" content=\"index, follow, max-snippet:-1, max-image-preview:large, max-video-preview:-1\" \/>\n<link rel=\"canonical\" href=\"https:\/\/www.svalbard.fr\/actualites\/trollkrem-presentation-de-la-mousse-norvegienne-aux-airelles\/\" \/>\n<meta property=\"og:locale\" content=\"fr_FR\" \/>\n<meta property=\"og:type\" content=\"article\" \/>\n<meta property=\"og:title\" content=\"Trollkrem\u00a0: Pr\u00e9sentation de la mousse norv\u00e9gienne aux airelles\" \/>\n<meta property=\"og:description\" content=\"D\u00e9couvrez l&#039;histoire du trollkrem, un dessert \u00e0 base d&#039;airelles profond\u00e9ment ancr\u00e9 dans la tradition norv\u00e9gienne et cr\u00e9\u00e9 avec des ingr\u00e9dients locaux. Nous vous montrerons m\u00eame\" \/>\n<meta property=\"og:url\" content=\"https:\/\/www.svalbard.fr\/actualites\/trollkrem-presentation-de-la-mousse-norvegienne-aux-airelles\/\" \/>\n<meta property=\"og:site_name\" content=\"www.Svalbard.fr\" \/>\n<meta property=\"article:published_time\" content=\"2024-05-20T06:20:58+00:00\" \/>\n<meta property=\"article:modified_time\" content=\"2024-05-20T06:21:01+00:00\" \/>\n<meta property=\"og:image\" content=\"https:\/\/www.svalbard.fr\/actualites\/wp-content\/uploads\/2024\/05\/1716186058_Trollkrem-Presentation-de-la-mousse-norvegienne-aux-airelles.jpeg\" \/>\n\t<meta property=\"og:image:width\" content=\"1792\" \/>\n\t<meta property=\"og:image:height\" content=\"1024\" \/>\n\t<meta property=\"og:image:type\" content=\"image\/jpeg\" \/>\n<meta name=\"author\" content=\"Hilmar\" \/>\n<meta name=\"twitter:card\" content=\"summary_large_image\" \/>\n<meta name=\"twitter:label1\" content=\"\u00c9crit par\" \/>\n\t<meta name=\"twitter:data1\" content=\"Hilmar\" \/>\n\t<meta name=\"twitter:label2\" content=\"Dur\u00e9e de lecture estim\u00e9e\" \/>\n\t<meta name=\"twitter:data2\" content=\"6 minutes\" \/>\n<script type=\"application\/ld+json\" class=\"yoast-schema-graph\">{\"@context\":\"https:\/\/schema.org\",\"@graph\":[{\"@type\":\"Article\",\"@id\":\"https:\/\/www.svalbard.fr\/actualites\/trollkrem-presentation-de-la-mousse-norvegienne-aux-airelles\/#article\",\"isPartOf\":{\"@id\":\"https:\/\/www.svalbard.fr\/actualites\/trollkrem-presentation-de-la-mousse-norvegienne-aux-airelles\/\"},\"author\":{\"name\":\"Hilmar\",\"@id\":\"https:\/\/www.svalbard.fr\/actualites\/#\/schema\/person\/a2f937d5712222366738fae98755c600\"},\"headline\":\"Trollkrem\u00a0: Pr\u00e9sentation de la mousse norv\u00e9gienne aux airelles\",\"datePublished\":\"2024-05-20T06:20:58+00:00\",\"dateModified\":\"2024-05-20T06:21:01+00:00\",\"mainEntityOfPage\":{\"@id\":\"https:\/\/www.svalbard.fr\/actualites\/trollkrem-presentation-de-la-mousse-norvegienne-aux-airelles\/\"},\"wordCount\":1173,\"publisher\":{\"@id\":\"https:\/\/www.svalbard.fr\/actualites\/#organization\"},\"keywords\":[\"airelles\",\"aux\",\"mousse\",\"norv\u00e9gienne\",\"Pr\u00e9sentation\",\"Trollkrem\"],\"articleSection\":[\"Svalbard\"],\"inLanguage\":\"fr-FR\"},{\"@type\":\"WebPage\",\"@id\":\"https:\/\/www.svalbard.fr\/actualites\/trollkrem-presentation-de-la-mousse-norvegienne-aux-airelles\/\",\"url\":\"https:\/\/www.svalbard.fr\/actualites\/trollkrem-presentation-de-la-mousse-norvegienne-aux-airelles\/\",\"name\":\"Trollkrem\u00a0: Pr\u00e9sentation de la mousse norv\u00e9gienne aux airelles\",\"isPartOf\":{\"@id\":\"https:\/\/www.svalbard.fr\/actualites\/#website\"},\"datePublished\":\"2024-05-20T06:20:58+00:00\",\"dateModified\":\"2024-05-20T06:21:01+00:00\",\"breadcrumb\":{\"@id\":\"https:\/\/www.svalbard.fr\/actualites\/trollkrem-presentation-de-la-mousse-norvegienne-aux-airelles\/#breadcrumb\"},\"inLanguage\":\"fr-FR\",\"potentialAction\":[{\"@type\":\"ReadAction\",\"target\":[\"https:\/\/www.svalbard.fr\/actualites\/trollkrem-presentation-de-la-mousse-norvegienne-aux-airelles\/\"]}]},{\"@type\":\"BreadcrumbList\",\"@id\":\"https:\/\/www.svalbard.fr\/actualites\/trollkrem-presentation-de-la-mousse-norvegienne-aux-airelles\/#breadcrumb\",\"itemListElement\":[{\"@type\":\"ListItem\",\"position\":1,\"name\":\"Accueil\",\"item\":\"https:\/\/www.svalbard.fr\/actualites\/\"},{\"@type\":\"ListItem\",\"position\":2,\"name\":\"Trollkrem\u00a0: Pr\u00e9sentation de la mousse norv\u00e9gienne aux airelles\"}]},{\"@type\":\"WebSite\",\"@id\":\"https:\/\/www.svalbard.fr\/actualites\/#website\",\"url\":\"https:\/\/www.svalbard.fr\/actualites\/\",\"name\":\"www.Svalbard.fr\",\"description\":\"\",\"publisher\":{\"@id\":\"https:\/\/www.svalbard.fr\/actualites\/#organization\"},\"potentialAction\":[{\"@type\":\"SearchAction\",\"target\":{\"@type\":\"EntryPoint\",\"urlTemplate\":\"https:\/\/www.svalbard.fr\/actualites\/?s={search_term_string}\"},\"query-input\":\"required name=search_term_string\"}],\"inLanguage\":\"fr-FR\"},{\"@type\":\"Organization\",\"@id\":\"https:\/\/www.svalbard.fr\/actualites\/#organization\",\"name\":\"www.Svalbard.fr\",\"url\":\"https:\/\/www.svalbard.fr\/actualites\/\",\"logo\":{\"@type\":\"ImageObject\",\"inLanguage\":\"fr-FR\",\"@id\":\"https:\/\/www.svalbard.fr\/actualites\/#\/schema\/logo\/image\/\",\"url\":\"https:\/\/www.svalbard.fr\/actualites\/wp-content\/uploads\/2023\/09\/head-nom.jpg\",\"contentUrl\":\"https:\/\/www.svalbard.fr\/actualites\/wp-content\/uploads\/2023\/09\/head-nom.jpg\",\"width\":264,\"height\":35,\"caption\":\"www.Svalbard.fr\"},\"image\":{\"@id\":\"https:\/\/www.svalbard.fr\/actualites\/#\/schema\/logo\/image\/\"}},{\"@type\":\"Person\",\"@id\":\"https:\/\/www.svalbard.fr\/actualites\/#\/schema\/person\/a2f937d5712222366738fae98755c600\",\"name\":\"Hilmar\",\"image\":{\"@type\":\"ImageObject\",\"inLanguage\":\"fr-FR\",\"@id\":\"https:\/\/www.svalbard.fr\/actualites\/#\/schema\/person\/image\/\",\"url\":\"https:\/\/secure.gravatar.com\/avatar\/4daa437093476dbc32da415c112b6512?s=96&d=mm&r=g\",\"contentUrl\":\"https:\/\/secure.gravatar.com\/avatar\/4daa437093476dbc32da415c112b6512?s=96&d=mm&r=g\",\"caption\":\"Hilmar\"},\"description\":\"Hilmar est un passionn\u00e9 des r\u00e9gions polaires, sp\u00e9cialis\u00e9 dans la r\u00e9daction d'articles sur le Spitzberg et autres destinations arctiques. Il apporte son expertise et sa passion pour l'Arctique au sein de l'\u00e9quipe de r\u00e9daction de Svalbard depuis de nombreuses ann\u00e9es.\",\"sameAs\":[\"https:\/\/www.svalbard.fr\/\"]}]}<\/script>\n<!-- \/ Yoast SEO plugin. -->","yoast_head_json":{"title":"Trollkrem\u00a0: Pr\u00e9sentation de la mousse norv\u00e9gienne aux airelles","robots":{"index":"index","follow":"follow","max-snippet":"max-snippet:-1","max-image-preview":"max-image-preview:large","max-video-preview":"max-video-preview:-1"},"canonical":"https:\/\/www.svalbard.fr\/actualites\/trollkrem-presentation-de-la-mousse-norvegienne-aux-airelles\/","og_locale":"fr_FR","og_type":"article","og_title":"Trollkrem\u00a0: Pr\u00e9sentation de la mousse norv\u00e9gienne aux airelles","og_description":"D\u00e9couvrez l&#39;histoire du trollkrem, un dessert \u00e0 base d&#39;airelles profond\u00e9ment ancr\u00e9 dans la tradition norv\u00e9gienne et cr\u00e9\u00e9 avec des ingr\u00e9dients locaux. Nous vous montrerons m\u00eame","og_url":"https:\/\/www.svalbard.fr\/actualites\/trollkrem-presentation-de-la-mousse-norvegienne-aux-airelles\/","og_site_name":"www.Svalbard.fr","article_published_time":"2024-05-20T06:20:58+00:00","article_modified_time":"2024-05-20T06:21:01+00:00","og_image":[{"width":1792,"height":1024,"url":"https:\/\/www.svalbard.fr\/actualites\/wp-content\/uploads\/2024\/05\/1716186058_Trollkrem-Presentation-de-la-mousse-norvegienne-aux-airelles.jpeg","type":"image\/jpeg"}],"author":"Hilmar","twitter_card":"summary_large_image","twitter_misc":{"\u00c9crit par":"Hilmar","Dur\u00e9e de lecture estim\u00e9e":"6 minutes"},"schema":{"@context":"https:\/\/schema.org","@graph":[{"@type":"Article","@id":"https:\/\/www.svalbard.fr\/actualites\/trollkrem-presentation-de-la-mousse-norvegienne-aux-airelles\/#article","isPartOf":{"@id":"https:\/\/www.svalbard.fr\/actualites\/trollkrem-presentation-de-la-mousse-norvegienne-aux-airelles\/"},"author":{"name":"Hilmar","@id":"https:\/\/www.svalbard.fr\/actualites\/#\/schema\/person\/a2f937d5712222366738fae98755c600"},"headline":"Trollkrem\u00a0: Pr\u00e9sentation de la mousse norv\u00e9gienne aux airelles","datePublished":"2024-05-20T06:20:58+00:00","dateModified":"2024-05-20T06:21:01+00:00","mainEntityOfPage":{"@id":"https:\/\/www.svalbard.fr\/actualites\/trollkrem-presentation-de-la-mousse-norvegienne-aux-airelles\/"},"wordCount":1173,"publisher":{"@id":"https:\/\/www.svalbard.fr\/actualites\/#organization"},"keywords":["airelles","aux","mousse","norv\u00e9gienne","Pr\u00e9sentation","Trollkrem"],"articleSection":["Svalbard"],"inLanguage":"fr-FR"},{"@type":"WebPage","@id":"https:\/\/www.svalbard.fr\/actualites\/trollkrem-presentation-de-la-mousse-norvegienne-aux-airelles\/","url":"https:\/\/www.svalbard.fr\/actualites\/trollkrem-presentation-de-la-mousse-norvegienne-aux-airelles\/","name":"Trollkrem\u00a0: Pr\u00e9sentation de la mousse norv\u00e9gienne aux airelles","isPartOf":{"@id":"https:\/\/www.svalbard.fr\/actualites\/#website"},"datePublished":"2024-05-20T06:20:58+00:00","dateModified":"2024-05-20T06:21:01+00:00","breadcrumb":{"@id":"https:\/\/www.svalbard.fr\/actualites\/trollkrem-presentation-de-la-mousse-norvegienne-aux-airelles\/#breadcrumb"},"inLanguage":"fr-FR","potentialAction":[{"@type":"ReadAction","target":["https:\/\/www.svalbard.fr\/actualites\/trollkrem-presentation-de-la-mousse-norvegienne-aux-airelles\/"]}]},{"@type":"BreadcrumbList","@id":"https:\/\/www.svalbard.fr\/actualites\/trollkrem-presentation-de-la-mousse-norvegienne-aux-airelles\/#breadcrumb","itemListElement":[{"@type":"ListItem","position":1,"name":"Accueil","item":"https:\/\/www.svalbard.fr\/actualites\/"},{"@type":"ListItem","position":2,"name":"Trollkrem\u00a0: Pr\u00e9sentation de la mousse norv\u00e9gienne aux airelles"}]},{"@type":"WebSite","@id":"https:\/\/www.svalbard.fr\/actualites\/#website","url":"https:\/\/www.svalbard.fr\/actualites\/","name":"www.Svalbard.fr","description":"","publisher":{"@id":"https:\/\/www.svalbard.fr\/actualites\/#organization"},"potentialAction":[{"@type":"SearchAction","target":{"@type":"EntryPoint","urlTemplate":"https:\/\/www.svalbard.fr\/actualites\/?s={search_term_string}"},"query-input":"required name=search_term_string"}],"inLanguage":"fr-FR"},{"@type":"Organization","@id":"https:\/\/www.svalbard.fr\/actualites\/#organization","name":"www.Svalbard.fr","url":"https:\/\/www.svalbard.fr\/actualites\/","logo":{"@type":"ImageObject","inLanguage":"fr-FR","@id":"https:\/\/www.svalbard.fr\/actualites\/#\/schema\/logo\/image\/","url":"https:\/\/www.svalbard.fr\/actualites\/wp-content\/uploads\/2023\/09\/head-nom.jpg","contentUrl":"https:\/\/www.svalbard.fr\/actualites\/wp-content\/uploads\/2023\/09\/head-nom.jpg","width":264,"height":35,"caption":"www.Svalbard.fr"},"image":{"@id":"https:\/\/www.svalbard.fr\/actualites\/#\/schema\/logo\/image\/"}},{"@type":"Person","@id":"https:\/\/www.svalbard.fr\/actualites\/#\/schema\/person\/a2f937d5712222366738fae98755c600","name":"Hilmar","image":{"@type":"ImageObject","inLanguage":"fr-FR","@id":"https:\/\/www.svalbard.fr\/actualites\/#\/schema\/person\/image\/","url":"https:\/\/secure.gravatar.com\/avatar\/4daa437093476dbc32da415c112b6512?s=96&d=mm&r=g","contentUrl":"https:\/\/secure.gravatar.com\/avatar\/4daa437093476dbc32da415c112b6512?s=96&d=mm&r=g","caption":"Hilmar"},"description":"Hilmar est un passionn\u00e9 des r\u00e9gions polaires, sp\u00e9cialis\u00e9 dans la r\u00e9daction d'articles sur le Spitzberg et autres destinations arctiques. Il apporte son expertise et sa passion pour l'Arctique au sein de l'\u00e9quipe de r\u00e9daction de Svalbard depuis de nombreuses ann\u00e9es.","sameAs":["https:\/\/www.svalbard.fr\/"]}]}},"_links":{"self":[{"href":"https:\/\/www.svalbard.fr\/actualites\/wp-json\/wp\/v2\/posts\/992"}],"collection":[{"href":"https:\/\/www.svalbard.fr\/actualites\/wp-json\/wp\/v2\/posts"}],"about":[{"href":"https:\/\/www.svalbard.fr\/actualites\/wp-json\/wp\/v2\/types\/post"}],"author":[{"embeddable":true,"href":"https:\/\/www.svalbard.fr\/actualites\/wp-json\/wp\/v2\/users\/1"}],"replies":[{"embeddable":true,"href":"https:\/\/www.svalbard.fr\/actualites\/wp-json\/wp\/v2\/comments?post=992"}],"version-history":[{"count":1,"href":"https:\/\/www.svalbard.fr\/actualites\/wp-json\/wp\/v2\/posts\/992\/revisions"}],"predecessor-version":[{"id":994,"href":"https:\/\/www.svalbard.fr\/actualites\/wp-json\/wp\/v2\/posts\/992\/revisions\/994"}],"wp:featuredmedia":[{"embeddable":true,"href":"https:\/\/www.svalbard.fr\/actualites\/wp-json\/wp\/v2\/media\/993"}],"wp:attachment":[{"href":"https:\/\/www.svalbard.fr\/actualites\/wp-json\/wp\/v2\/media?parent=992"}],"wp:term":[{"taxonomy":"category","embeddable":true,"href":"https:\/\/www.svalbard.fr\/actualites\/wp-json\/wp\/v2\/categories?post=992"},{"taxonomy":"post_tag","embeddable":true,"href":"https:\/\/www.svalbard.fr\/actualites\/wp-json\/wp\/v2\/tags?post=992"}],"curies":[{"name":"wp","href":"https:\/\/api.w.org\/{rel}","templated":true}]}}