{"id":998,"date":"2024-05-22T15:26:06","date_gmt":"2024-05-22T13:26:06","guid":{"rendered":"https:\/\/www.svalbard.fr\/actualites\/israel-met-en-garde-contre-de-graves-consequences-si-la-norvege-lirlande-et-lespagne-reconnaissent-la-palestine\/"},"modified":"2024-05-22T15:26:08","modified_gmt":"2024-05-22T13:26:08","slug":"israel-met-en-garde-contre-de-graves-consequences-si-la-norvege-lirlande-et-lespagne-reconnaissent-la-palestine","status":"publish","type":"post","link":"https:\/\/www.svalbard.fr\/actualites\/israel-met-en-garde-contre-de-graves-consequences-si-la-norvege-lirlande-et-lespagne-reconnaissent-la-palestine\/","title":{"rendered":"Isra\u00ebl met en garde contre de \u00ab graves cons\u00e9quences \u00bb si la Norv\u00e8ge, l&#39;Irlande et l&#39;Espagne reconnaissent la Palestine"},"content":{"rendered":"<div>\n<p>Le ministre isra\u00e9lien des Affaires \u00e9trang\u00e8res, Israel Katz, a ordonn\u00e9 aux ambassadeurs isra\u00e9liens d&#39;Irlande et de Norv\u00e8ge de rentrer imm\u00e9diatement en Isra\u00ebl, la Norv\u00e8ge ayant d\u00e9clar\u00e9 qu&#39;elle reconna\u00eetrait un \u00c9tat palestinien et l&#39;Irlande devait faire de m\u00eame.<\/p>\n<p>Le responsable isra\u00e9lien a averti qu&#39;il y aurait \u00ab d&#39;autres cons\u00e9quences graves \u00bb puisque l&#39;Espagne a \u00e9galement d\u00e9cid\u00e9 de suivre l&#39;exemple de l&#39;Irlande et de la Norv\u00e8ge.<\/p>\n<p>Katz a \u00e9crit sur X : \u00ab J&#39;ai ordonn\u00e9 le rappel imm\u00e9diat des ambassadeurs d&#39;Isra\u00ebl en Irlande et en Norv\u00e8ge pour des consultations \u00e0 la lumi\u00e8re de la d\u00e9cision de ces pays de reconna\u00eetre un \u00c9tat palestinien.<\/p>\n<p>\u00ab\u00a0J&#39;envoie un message clair et sans \u00e9quivoque \u00e0 l&#39;Irlande et \u00e0 la Norv\u00e8ge : Isra\u00ebl ne restera pas silencieux face \u00e0 ceux qui portent atteinte \u00e0 sa souverainet\u00e9 et mettent sa s\u00e9curit\u00e9 en danger.<\/p>\n<p>\u00ab\u00a0La d\u00e9cision d&#39;aujourd&#39;hui envoie un message aux Palestiniens et au monde : le terrorisme paie. Apr\u00e8s que l&#39;organisation terroriste du Hamas ait perp\u00e9tr\u00e9 le plus grand massacre de Juifs depuis l&#39;Holocauste, apr\u00e8s avoir commis des crimes sexuels odieux dont le monde a \u00e9t\u00e9 t\u00e9moin, ces pays ont choisi de r\u00e9compenser le Hamas et l&#39;Iran. en reconnaissant un \u00c9tat palestinien.<\/p>\n<\/div>\n<div>\n<p>\u00ab\u00a0Cette mesure d\u00e9form\u00e9e de ces pays est une injustice envers la m\u00e9moire des victimes du 10 septembre, un coup port\u00e9 aux efforts visant \u00e0 restituer les 128 otages et un coup de pouce au Hamas et aux djihadistes iraniens, qui sape les chances de paix et remet en question le droit d&#39;Isra\u00ebl. \u00e0 la l\u00e9gitime d\u00e9fense.<\/p>\n<p>\u00ab\u00a0Isra\u00ebl ne restera pas silencieux \u2013 il y aura d&#39;autres cons\u00e9quences graves. Si l&#39;Espagne donne suite \u00e0 son intention de reconna\u00eetre un Etat palestinien, une mesure similaire sera prise \u00e0 son encontre.<\/p>\n<p>\u00ab\u00a0La folie irlando-norv\u00e9gienne ne nous dissuade pas ; nous sommes d\u00e9termin\u00e9s \u00e0 atteindre nos objectifs : restaurer la s\u00e9curit\u00e9 de nos citoyens, d\u00e9manteler le Hamas et ramener les otages chez eux. Il n&#39;y a pas de causes plus justes que celles-l\u00e0.\u00a0\u00bb<\/p>\n<p>Le Premier ministre irlandais, Simon Harris, a d\u00e9clar\u00e9 mercredi qu&#39;il s&#39;agissait d&#39;une d\u00e9cision coordonn\u00e9e avec l&#39;Espagne et la Norv\u00e8ge, \u00ab\u00a0un jour historique et important pour l&#39;Irlande et pour la Palestine\u00a0\u00bb.  Il a d\u00e9clar\u00e9 que cette d\u00e9cision visait \u00e0 contribuer \u00e0 r\u00e9soudre le conflit isra\u00e9lo-palestinien gr\u00e2ce \u00e0 une solution \u00e0 deux \u00c9tats.<\/p>\n<\/div>\n<div>\n<p>Plus t\u00f4t mercredi, en annon\u00e7ant la reconnaissance par la Norv\u00e8ge d&#39;un Etat palestinien, le Premier ministre norv\u00e9gien Jonas Gahr St\u00f8re a d\u00e9clar\u00e9 \u00ab\u00a0qu&#39;il ne peut y avoir de paix au Moyen-Orient sans reconnaissance\u00a0\u00bb.<\/p>\n<p>Gahr St\u00f8re a d\u00e9clar\u00e9 que le pays scandinave reconna\u00eetrait officiellement un Etat palestinien \u00e0 compter du 28 mai. \u00ab\u00a0En reconnaissant un Etat palestinien, la Norv\u00e8ge soutient le plan de paix arabe\u00a0\u00bb, a-t-il d\u00e9clar\u00e9.<\/p>\n<p>Le Premier ministre espagnol Pedro S\u00e1nchez a \u00e9galement d\u00e9clar\u00e9 que son pays reconna\u00eetrait la Palestine en tant qu&#39;\u00c9tat le 28 mai. S\u00e1nchez, leader socialiste espagnol depuis 2018, a fait l&#39;annonce attendue mercredi au Parlement national.<\/p>\n<p>S\u00e1nchez a pass\u00e9 des mois \u00e0 visiter les pays d\u2019Europe et du Moyen-Orient pour recueillir des soutiens en faveur de la reconnaissance de la Palestine, ainsi que d\u2019un \u00e9ventuel cessez-le-feu \u00e0 Gaza.  Il a d\u00e9clar\u00e9 \u00e0 plusieurs reprises qu&#39;il \u00e9tait d\u00e9termin\u00e9 \u00e0 prendre cette d\u00e9cision.<\/p>\n<p>Plus t\u00f4t ce mois-ci, le ministre espagnol des Affaires \u00e9trang\u00e8res Jos\u00e9 Albares a d\u00e9clar\u00e9 qu&#39;il avait inform\u00e9 le secr\u00e9taire d&#39;\u00c9tat am\u00e9ricain Antony Blinken de l&#39;intention de son gouvernement de reconna\u00eetre la Palestine.<\/p>\n<p>Plusieurs pays de l\u2019Union europ\u00e9enne ont indiqu\u00e9 ces derni\u00e8res semaines qu\u2019ils pr\u00e9voyaient de proc\u00e9der \u00e0 cette reconnaissance, arguant qu\u2019une solution \u00e0 deux \u00c9tats est essentielle pour une paix durable dans la r\u00e9gion.<\/p>\n<p>La Norv\u00e8ge, qui n\u2019est pas membre de l\u2019Union europ\u00e9enne mais suit sa d\u00e9marche, est un ardent partisan d\u2019une solution \u00e0 deux \u00c9tats entre Isra\u00ebl et les Palestiniens.<\/p>\n<\/div>\n","protected":false},"excerpt":{"rendered":"<p>Le ministre isra\u00e9lien des Affaires \u00e9trang\u00e8res, Israel Katz, a ordonn\u00e9 aux ambassadeurs isra\u00e9liens d&#39;Irlande et de Norv\u00e8ge de rentrer imm\u00e9diatement en Isra\u00ebl, la Norv\u00e8ge ayant<\/p>\n","protected":false},"author":1,"featured_media":999,"comment_status":"closed","ping_status":"","sticky":false,"template":"","format":"standard","meta":{"footnotes":""},"categories":[1],"tags":[1263,228,76,1262,1261,1265,1264,889,6,1267,1266],"yoast_head":"<!-- This site is optimized with the Yoast SEO plugin v21.0 - https:\/\/yoast.com\/wordpress\/plugins\/seo\/ -->\n<title>Isra\u00ebl met en garde contre de \u00ab graves cons\u00e9quences \u00bb si la Norv\u00e8ge, l&#039;Irlande et l&#039;Espagne reconnaissent la Palestine<\/title>\n<meta name=\"robots\" content=\"index, follow, max-snippet:-1, max-image-preview:large, max-video-preview:-1\" \/>\n<link rel=\"canonical\" href=\"https:\/\/www.svalbard.fr\/actualites\/israel-met-en-garde-contre-de-graves-consequences-si-la-norvege-lirlande-et-lespagne-reconnaissent-la-palestine\/\" \/>\n<meta property=\"og:locale\" content=\"fr_FR\" \/>\n<meta property=\"og:type\" content=\"article\" \/>\n<meta property=\"og:title\" content=\"Isra\u00ebl met en garde contre de \u00ab graves cons\u00e9quences \u00bb si la Norv\u00e8ge, l&#039;Irlande et l&#039;Espagne reconnaissent la Palestine\" \/>\n<meta property=\"og:description\" content=\"Le ministre isra\u00e9lien des Affaires \u00e9trang\u00e8res, Israel Katz, a ordonn\u00e9 aux ambassadeurs isra\u00e9liens d&#039;Irlande et de Norv\u00e8ge de rentrer imm\u00e9diatement en Isra\u00ebl, la Norv\u00e8ge ayant\" \/>\n<meta property=\"og:url\" content=\"https:\/\/www.svalbard.fr\/actualites\/israel-met-en-garde-contre-de-graves-consequences-si-la-norvege-lirlande-et-lespagne-reconnaissent-la-palestine\/\" \/>\n<meta property=\"og:site_name\" content=\"www.Svalbard.fr\" \/>\n<meta property=\"article:published_time\" content=\"2024-05-22T13:26:06+00:00\" \/>\n<meta property=\"article:modified_time\" content=\"2024-05-22T13:26:08+00:00\" \/>\n<meta property=\"og:image\" content=\"https:\/\/www.svalbard.fr\/actualites\/wp-content\/uploads\/2024\/05\/Israel-met-en-garde-contre-de-graves-consequences.jpg\" \/>\n\t<meta property=\"og:image:width\" content=\"1200\" \/>\n\t<meta property=\"og:image:height\" content=\"630\" \/>\n\t<meta property=\"og:image:type\" content=\"image\/jpeg\" \/>\n<meta name=\"author\" content=\"Hilmar\" \/>\n<meta name=\"twitter:card\" content=\"summary_large_image\" \/>\n<meta name=\"twitter:label1\" content=\"\u00c9crit par\" \/>\n\t<meta name=\"twitter:data1\" content=\"Hilmar\" \/>\n\t<meta name=\"twitter:label2\" content=\"Dur\u00e9e de lecture estim\u00e9e\" \/>\n\t<meta name=\"twitter:data2\" content=\"4 minutes\" \/>\n<script type=\"application\/ld+json\" class=\"yoast-schema-graph\">{\"@context\":\"https:\/\/schema.org\",\"@graph\":[{\"@type\":\"Article\",\"@id\":\"https:\/\/www.svalbard.fr\/actualites\/israel-met-en-garde-contre-de-graves-consequences-si-la-norvege-lirlande-et-lespagne-reconnaissent-la-palestine\/#article\",\"isPartOf\":{\"@id\":\"https:\/\/www.svalbard.fr\/actualites\/israel-met-en-garde-contre-de-graves-consequences-si-la-norvege-lirlande-et-lespagne-reconnaissent-la-palestine\/\"},\"author\":{\"name\":\"Hilmar\",\"@id\":\"https:\/\/www.svalbard.fr\/actualites\/#\/schema\/person\/a2f937d5712222366738fae98755c600\"},\"headline\":\"Isra\u00ebl met en garde contre de \u00ab graves cons\u00e9quences \u00bb si la Norv\u00e8ge, l&#39;Irlande et l&#39;Espagne reconnaissent la Palestine\",\"datePublished\":\"2024-05-22T13:26:06+00:00\",\"dateModified\":\"2024-05-22T13:26:08+00:00\",\"mainEntityOfPage\":{\"@id\":\"https:\/\/www.svalbard.fr\/actualites\/israel-met-en-garde-contre-de-graves-consequences-si-la-norvege-lirlande-et-lespagne-reconnaissent-la-palestine\/\"},\"wordCount\":725,\"publisher\":{\"@id\":\"https:\/\/www.svalbard.fr\/actualites\/#organization\"},\"keywords\":[\"cons\u00e9quences\",\"contre\",\"garde\",\"graves\",\"Isra\u00ebl\",\"l39Espagne\",\"l39Irlande\",\"met\",\"Norv\u00e8ge\",\"Palestine\",\"reconnaissent\"],\"articleSection\":[\"Svalbard\"],\"inLanguage\":\"fr-FR\"},{\"@type\":\"WebPage\",\"@id\":\"https:\/\/www.svalbard.fr\/actualites\/israel-met-en-garde-contre-de-graves-consequences-si-la-norvege-lirlande-et-lespagne-reconnaissent-la-palestine\/\",\"url\":\"https:\/\/www.svalbard.fr\/actualites\/israel-met-en-garde-contre-de-graves-consequences-si-la-norvege-lirlande-et-lespagne-reconnaissent-la-palestine\/\",\"name\":\"Isra\u00ebl met en garde contre de \u00ab graves cons\u00e9quences \u00bb si la Norv\u00e8ge, l&#39;Irlande et l&#39;Espagne reconnaissent la Palestine\",\"isPartOf\":{\"@id\":\"https:\/\/www.svalbard.fr\/actualites\/#website\"},\"datePublished\":\"2024-05-22T13:26:06+00:00\",\"dateModified\":\"2024-05-22T13:26:08+00:00\",\"breadcrumb\":{\"@id\":\"https:\/\/www.svalbard.fr\/actualites\/israel-met-en-garde-contre-de-graves-consequences-si-la-norvege-lirlande-et-lespagne-reconnaissent-la-palestine\/#breadcrumb\"},\"inLanguage\":\"fr-FR\",\"potentialAction\":[{\"@type\":\"ReadAction\",\"target\":[\"https:\/\/www.svalbard.fr\/actualites\/israel-met-en-garde-contre-de-graves-consequences-si-la-norvege-lirlande-et-lespagne-reconnaissent-la-palestine\/\"]}]},{\"@type\":\"BreadcrumbList\",\"@id\":\"https:\/\/www.svalbard.fr\/actualites\/israel-met-en-garde-contre-de-graves-consequences-si-la-norvege-lirlande-et-lespagne-reconnaissent-la-palestine\/#breadcrumb\",\"itemListElement\":[{\"@type\":\"ListItem\",\"position\":1,\"name\":\"Accueil\",\"item\":\"https:\/\/www.svalbard.fr\/actualites\/\"},{\"@type\":\"ListItem\",\"position\":2,\"name\":\"Isra\u00ebl met en garde contre de \u00ab graves cons\u00e9quences \u00bb si la Norv\u00e8ge, l&#39;Irlande et l&#39;Espagne reconnaissent la Palestine\"}]},{\"@type\":\"WebSite\",\"@id\":\"https:\/\/www.svalbard.fr\/actualites\/#website\",\"url\":\"https:\/\/www.svalbard.fr\/actualites\/\",\"name\":\"www.Svalbard.fr\",\"description\":\"\",\"publisher\":{\"@id\":\"https:\/\/www.svalbard.fr\/actualites\/#organization\"},\"potentialAction\":[{\"@type\":\"SearchAction\",\"target\":{\"@type\":\"EntryPoint\",\"urlTemplate\":\"https:\/\/www.svalbard.fr\/actualites\/?s={search_term_string}\"},\"query-input\":\"required name=search_term_string\"}],\"inLanguage\":\"fr-FR\"},{\"@type\":\"Organization\",\"@id\":\"https:\/\/www.svalbard.fr\/actualites\/#organization\",\"name\":\"www.Svalbard.fr\",\"url\":\"https:\/\/www.svalbard.fr\/actualites\/\",\"logo\":{\"@type\":\"ImageObject\",\"inLanguage\":\"fr-FR\",\"@id\":\"https:\/\/www.svalbard.fr\/actualites\/#\/schema\/logo\/image\/\",\"url\":\"https:\/\/www.svalbard.fr\/actualites\/wp-content\/uploads\/2023\/09\/head-nom.jpg\",\"contentUrl\":\"https:\/\/www.svalbard.fr\/actualites\/wp-content\/uploads\/2023\/09\/head-nom.jpg\",\"width\":264,\"height\":35,\"caption\":\"www.Svalbard.fr\"},\"image\":{\"@id\":\"https:\/\/www.svalbard.fr\/actualites\/#\/schema\/logo\/image\/\"}},{\"@type\":\"Person\",\"@id\":\"https:\/\/www.svalbard.fr\/actualites\/#\/schema\/person\/a2f937d5712222366738fae98755c600\",\"name\":\"Hilmar\",\"image\":{\"@type\":\"ImageObject\",\"inLanguage\":\"fr-FR\",\"@id\":\"https:\/\/www.svalbard.fr\/actualites\/#\/schema\/person\/image\/\",\"url\":\"https:\/\/secure.gravatar.com\/avatar\/4daa437093476dbc32da415c112b6512?s=96&d=mm&r=g\",\"contentUrl\":\"https:\/\/secure.gravatar.com\/avatar\/4daa437093476dbc32da415c112b6512?s=96&d=mm&r=g\",\"caption\":\"Hilmar\"},\"description\":\"Hilmar est un passionn\u00e9 des r\u00e9gions polaires, sp\u00e9cialis\u00e9 dans la r\u00e9daction d'articles sur le Spitzberg et autres destinations arctiques. Il apporte son expertise et sa passion pour l'Arctique au sein de l'\u00e9quipe de r\u00e9daction de Svalbard depuis de nombreuses ann\u00e9es.\",\"sameAs\":[\"https:\/\/www.svalbard.fr\/\"]}]}<\/script>\n<!-- \/ Yoast SEO plugin. -->","yoast_head_json":{"title":"Isra\u00ebl met en garde contre de \u00ab graves cons\u00e9quences \u00bb si la Norv\u00e8ge, l&#39;Irlande et l&#39;Espagne reconnaissent la Palestine","robots":{"index":"index","follow":"follow","max-snippet":"max-snippet:-1","max-image-preview":"max-image-preview:large","max-video-preview":"max-video-preview:-1"},"canonical":"https:\/\/www.svalbard.fr\/actualites\/israel-met-en-garde-contre-de-graves-consequences-si-la-norvege-lirlande-et-lespagne-reconnaissent-la-palestine\/","og_locale":"fr_FR","og_type":"article","og_title":"Isra\u00ebl met en garde contre de \u00ab graves cons\u00e9quences \u00bb si la Norv\u00e8ge, l&#39;Irlande et l&#39;Espagne reconnaissent la Palestine","og_description":"Le ministre isra\u00e9lien des Affaires \u00e9trang\u00e8res, Israel Katz, a ordonn\u00e9 aux ambassadeurs isra\u00e9liens d&#39;Irlande et de Norv\u00e8ge de rentrer imm\u00e9diatement en Isra\u00ebl, la Norv\u00e8ge ayant","og_url":"https:\/\/www.svalbard.fr\/actualites\/israel-met-en-garde-contre-de-graves-consequences-si-la-norvege-lirlande-et-lespagne-reconnaissent-la-palestine\/","og_site_name":"www.Svalbard.fr","article_published_time":"2024-05-22T13:26:06+00:00","article_modified_time":"2024-05-22T13:26:08+00:00","og_image":[{"width":1200,"height":630,"url":"https:\/\/www.svalbard.fr\/actualites\/wp-content\/uploads\/2024\/05\/Israel-met-en-garde-contre-de-graves-consequences.jpg","type":"image\/jpeg"}],"author":"Hilmar","twitter_card":"summary_large_image","twitter_misc":{"\u00c9crit par":"Hilmar","Dur\u00e9e de lecture estim\u00e9e":"4 minutes"},"schema":{"@context":"https:\/\/schema.org","@graph":[{"@type":"Article","@id":"https:\/\/www.svalbard.fr\/actualites\/israel-met-en-garde-contre-de-graves-consequences-si-la-norvege-lirlande-et-lespagne-reconnaissent-la-palestine\/#article","isPartOf":{"@id":"https:\/\/www.svalbard.fr\/actualites\/israel-met-en-garde-contre-de-graves-consequences-si-la-norvege-lirlande-et-lespagne-reconnaissent-la-palestine\/"},"author":{"name":"Hilmar","@id":"https:\/\/www.svalbard.fr\/actualites\/#\/schema\/person\/a2f937d5712222366738fae98755c600"},"headline":"Isra\u00ebl met en garde contre de \u00ab graves cons\u00e9quences \u00bb si la Norv\u00e8ge, l&#39;Irlande et l&#39;Espagne reconnaissent la Palestine","datePublished":"2024-05-22T13:26:06+00:00","dateModified":"2024-05-22T13:26:08+00:00","mainEntityOfPage":{"@id":"https:\/\/www.svalbard.fr\/actualites\/israel-met-en-garde-contre-de-graves-consequences-si-la-norvege-lirlande-et-lespagne-reconnaissent-la-palestine\/"},"wordCount":725,"publisher":{"@id":"https:\/\/www.svalbard.fr\/actualites\/#organization"},"keywords":["cons\u00e9quences","contre","garde","graves","Isra\u00ebl","l39Espagne","l39Irlande","met","Norv\u00e8ge","Palestine","reconnaissent"],"articleSection":["Svalbard"],"inLanguage":"fr-FR"},{"@type":"WebPage","@id":"https:\/\/www.svalbard.fr\/actualites\/israel-met-en-garde-contre-de-graves-consequences-si-la-norvege-lirlande-et-lespagne-reconnaissent-la-palestine\/","url":"https:\/\/www.svalbard.fr\/actualites\/israel-met-en-garde-contre-de-graves-consequences-si-la-norvege-lirlande-et-lespagne-reconnaissent-la-palestine\/","name":"Isra\u00ebl met en garde contre de \u00ab graves cons\u00e9quences \u00bb si la Norv\u00e8ge, l&#39;Irlande et l&#39;Espagne reconnaissent la Palestine","isPartOf":{"@id":"https:\/\/www.svalbard.fr\/actualites\/#website"},"datePublished":"2024-05-22T13:26:06+00:00","dateModified":"2024-05-22T13:26:08+00:00","breadcrumb":{"@id":"https:\/\/www.svalbard.fr\/actualites\/israel-met-en-garde-contre-de-graves-consequences-si-la-norvege-lirlande-et-lespagne-reconnaissent-la-palestine\/#breadcrumb"},"inLanguage":"fr-FR","potentialAction":[{"@type":"ReadAction","target":["https:\/\/www.svalbard.fr\/actualites\/israel-met-en-garde-contre-de-graves-consequences-si-la-norvege-lirlande-et-lespagne-reconnaissent-la-palestine\/"]}]},{"@type":"BreadcrumbList","@id":"https:\/\/www.svalbard.fr\/actualites\/israel-met-en-garde-contre-de-graves-consequences-si-la-norvege-lirlande-et-lespagne-reconnaissent-la-palestine\/#breadcrumb","itemListElement":[{"@type":"ListItem","position":1,"name":"Accueil","item":"https:\/\/www.svalbard.fr\/actualites\/"},{"@type":"ListItem","position":2,"name":"Isra\u00ebl met en garde contre de \u00ab graves cons\u00e9quences \u00bb si la Norv\u00e8ge, l&#39;Irlande et l&#39;Espagne reconnaissent la Palestine"}]},{"@type":"WebSite","@id":"https:\/\/www.svalbard.fr\/actualites\/#website","url":"https:\/\/www.svalbard.fr\/actualites\/","name":"www.Svalbard.fr","description":"","publisher":{"@id":"https:\/\/www.svalbard.fr\/actualites\/#organization"},"potentialAction":[{"@type":"SearchAction","target":{"@type":"EntryPoint","urlTemplate":"https:\/\/www.svalbard.fr\/actualites\/?s={search_term_string}"},"query-input":"required name=search_term_string"}],"inLanguage":"fr-FR"},{"@type":"Organization","@id":"https:\/\/www.svalbard.fr\/actualites\/#organization","name":"www.Svalbard.fr","url":"https:\/\/www.svalbard.fr\/actualites\/","logo":{"@type":"ImageObject","inLanguage":"fr-FR","@id":"https:\/\/www.svalbard.fr\/actualites\/#\/schema\/logo\/image\/","url":"https:\/\/www.svalbard.fr\/actualites\/wp-content\/uploads\/2023\/09\/head-nom.jpg","contentUrl":"https:\/\/www.svalbard.fr\/actualites\/wp-content\/uploads\/2023\/09\/head-nom.jpg","width":264,"height":35,"caption":"www.Svalbard.fr"},"image":{"@id":"https:\/\/www.svalbard.fr\/actualites\/#\/schema\/logo\/image\/"}},{"@type":"Person","@id":"https:\/\/www.svalbard.fr\/actualites\/#\/schema\/person\/a2f937d5712222366738fae98755c600","name":"Hilmar","image":{"@type":"ImageObject","inLanguage":"fr-FR","@id":"https:\/\/www.svalbard.fr\/actualites\/#\/schema\/person\/image\/","url":"https:\/\/secure.gravatar.com\/avatar\/4daa437093476dbc32da415c112b6512?s=96&d=mm&r=g","contentUrl":"https:\/\/secure.gravatar.com\/avatar\/4daa437093476dbc32da415c112b6512?s=96&d=mm&r=g","caption":"Hilmar"},"description":"Hilmar est un passionn\u00e9 des r\u00e9gions polaires, sp\u00e9cialis\u00e9 dans la r\u00e9daction d'articles sur le Spitzberg et autres destinations arctiques. Il apporte son expertise et sa passion pour l'Arctique au sein de l'\u00e9quipe de r\u00e9daction de Svalbard depuis de nombreuses ann\u00e9es.","sameAs":["https:\/\/www.svalbard.fr\/"]}]}},"_links":{"self":[{"href":"https:\/\/www.svalbard.fr\/actualites\/wp-json\/wp\/v2\/posts\/998"}],"collection":[{"href":"https:\/\/www.svalbard.fr\/actualites\/wp-json\/wp\/v2\/posts"}],"about":[{"href":"https:\/\/www.svalbard.fr\/actualites\/wp-json\/wp\/v2\/types\/post"}],"author":[{"embeddable":true,"href":"https:\/\/www.svalbard.fr\/actualites\/wp-json\/wp\/v2\/users\/1"}],"replies":[{"embeddable":true,"href":"https:\/\/www.svalbard.fr\/actualites\/wp-json\/wp\/v2\/comments?post=998"}],"version-history":[{"count":1,"href":"https:\/\/www.svalbard.fr\/actualites\/wp-json\/wp\/v2\/posts\/998\/revisions"}],"predecessor-version":[{"id":1000,"href":"https:\/\/www.svalbard.fr\/actualites\/wp-json\/wp\/v2\/posts\/998\/revisions\/1000"}],"wp:featuredmedia":[{"embeddable":true,"href":"https:\/\/www.svalbard.fr\/actualites\/wp-json\/wp\/v2\/media\/999"}],"wp:attachment":[{"href":"https:\/\/www.svalbard.fr\/actualites\/wp-json\/wp\/v2\/media?parent=998"}],"wp:term":[{"taxonomy":"category","embeddable":true,"href":"https:\/\/www.svalbard.fr\/actualites\/wp-json\/wp\/v2\/categories?post=998"},{"taxonomy":"post_tag","embeddable":true,"href":"https:\/\/www.svalbard.fr\/actualites\/wp-json\/wp\/v2\/tags?post=998"}],"curies":[{"name":"wp","href":"https:\/\/api.w.org\/{rel}","templated":true}]}}